{"id":5574,"date":"2021-07-01T13:07:43","date_gmt":"2021-07-01T13:07:43","guid":{"rendered":"https:\/\/pts.org.pl\/?p=5574"},"modified":"2021-07-01T13:07:45","modified_gmt":"2021-07-01T13:07:45","slug":"zmarl-prof-zbigniew-pelczynski","status":"publish","type":"post","link":"https:\/\/pts.org.pl\/en\/zmarl-prof-zbigniew-pelczynski\/","title":{"rendered":"Zmar\u0142 prof. Zbigniew Pe\u0142czy\u0144ski"},"content":{"rendered":"<div class=\"fcbkbttn_buttons_block\" id=\"fcbkbttn_left\"><div class=\"fcbkbttn_button\">\n                            <a href=\"https:\/\/www.facebook.com\/\" target=\"_blank\">\n                                <img src=\"https:\/\/pts.org.pl\/wp-content\/plugins\/facebook-button-plugin\/images\/standard-facebook-ico.png\" alt=\"Fb-Button\" \/>\n                            <\/a>\n                        <\/div><div class=\"fcbkbttn_like \"><fb:like href=\"https:\/\/pts.org.pl\/en\/zmarl-prof-zbigniew-pelczynski\/\" action=\"like\" colorscheme=\"light\" layout=\"button_count\"  size=\"small\"><\/fb:like><\/div><\/div>\n<p>22 czerwca 2021 r. zmar\u0142 prof. Zbigniew Pe\u0142czy\u0144ski, jeden z pierwszych (od 1988 r.) cz\u0142onk\u00f3w honorowych Polskiego Towarzystwa Socjologicznego.<\/p>\n\n\n\n<p>Ur. w 1925 r., by\u0142 \u017co\u0142nierzem powstania warszawskiego i profesorem Uniwersytetu Oxfordzkiego, znawc\u0105 filozofii politycznych, oryginalnym interpretatorem Hegla jako teoretyka spo\u0142ecze\u0144stwa obywatelskiego oraz wnikliwym obserwatorem \u017cycia politycznego w Anglii i \u201epolskiej drogi od komunizmu\u201d.<\/p>\n\n\n\n<p>Na pocz\u0105tku lat 1980-tych wymy\u015bli\u0142 i zorganizowa\u0142 Oxford Colleges Hospitality Scheme, program stypendialny, kt\u00f3ry pozwoli\u0142 kilkuset polskim naukowcom, tak\u017ce socjologom wyjecha\u0107 na stypendia do Anglii. Program ten przezwyci\u0119\u017ca\u0142 izolacj\u0119 narzucon\u0105 polskiej nauce przez stan wojenny. Z. Pe\u0142czy\u0144ski by\u0142 autorem tak\u017ce innych wa\u017cnych inicjatyw w polu nauki i \u017cycia publicznego.<\/p>\n\n\n\n<p>Prof. Pe\u0142czy\u0144ski dobrze zas\u0142u\u017cy\u0142 si\u0119 Polskiej socjologii.<\/p>\n\n\n\n<p>By\u0142 uhonorowany doktoratem h.c. Uniwersytetu Wroc\u0142awskiego, medalami zas\u0142ugi dla UJ, UAM I UW oraz Komandori\u0105 Orderu Odrodzenia Polski.<\/p>\n","protected":false},"excerpt":{"rendered":"<p>22 czerwca 2021 r. zmar\u0142 prof. Zbigniew Pe\u0142czy\u0144ski, jeden z pierwszych (od 1988 r.) cz\u0142onk\u00f3w honorowych Polskiego Towarzystwa Socjologicznego. Ur. w 1925 r., by\u0142 \u017co\u0142nierzem powstania warszawskiego i profesorem Uniwersytetu Oxfordzkiego, znawc\u0105 filozofii politycznych, oryginalnym interpretatorem Hegla jako teoretyka spo\u0142ecze\u0144stwa obywatelskiego oraz wnikliwym obserwatorem \u017cycia politycznego w Anglii i \u201epolskiej drogi od komunizmu\u201d. Na pocz\u0105tku [&hellip;]<\/p>\n","protected":false},"author":11,"featured_media":0,"comment_status":"open","ping_status":"open","sticky":false,"template":"","format":"standard","meta":[],"categories":[],"tags":[],"_links":{"self":[{"href":"https:\/\/pts.org.pl\/en\/wp-json\/wp\/v2\/posts\/5574"}],"collection":[{"href":"https:\/\/pts.org.pl\/en\/wp-json\/wp\/v2\/posts"}],"about":[{"href":"https:\/\/pts.org.pl\/en\/wp-json\/wp\/v2\/types\/post"}],"author":[{"embeddable":true,"href":"https:\/\/pts.org.pl\/en\/wp-json\/wp\/v2\/users\/11"}],"replies":[{"embeddable":true,"href":"https:\/\/pts.org.pl\/en\/wp-json\/wp\/v2\/comments?post=5574"}],"version-history":[{"count":1,"href":"https:\/\/pts.org.pl\/en\/wp-json\/wp\/v2\/posts\/5574\/revisions"}],"predecessor-version":[{"id":5575,"href":"https:\/\/pts.org.pl\/en\/wp-json\/wp\/v2\/posts\/5574\/revisions\/5575"}],"wp:attachment":[{"href":"https:\/\/pts.org.pl\/en\/wp-json\/wp\/v2\/media?parent=5574"}],"wp:term":[{"taxonomy":"category","embeddable":true,"href":"https:\/\/pts.org.pl\/en\/wp-json\/wp\/v2\/categories?post=5574"},{"taxonomy":"post_tag","embeddable":true,"href":"https:\/\/pts.org.pl\/en\/wp-json\/wp\/v2\/tags?post=5574"}],"curies":[{"name":"wp","href":"https:\/\/api.w.org\/{rel}","templated":true}]}}