{"id":5568,"date":"2021-06-10T20:25:00","date_gmt":"2021-06-10T20:25:00","guid":{"rendered":"https:\/\/pts.org.pl\/?p=5568"},"modified":"2021-06-30T20:30:05","modified_gmt":"2021-06-30T20:30:05","slug":"seminarium-sekcji-socjologii-zycia-rodzinnego-i-intymnosci","status":"publish","type":"post","link":"https:\/\/pts.org.pl\/en\/seminarium-sekcji-socjologii-zycia-rodzinnego-i-intymnosci\/","title":{"rendered":"Seminarium Sekcji Socjologii \u017bycia Rodzinnego i Intymno\u015bci"},"content":{"rendered":"<div class=\"fcbkbttn_buttons_block\" id=\"fcbkbttn_left\"><div class=\"fcbkbttn_button\">\n                            <a href=\"https:\/\/www.facebook.com\/\" target=\"_blank\">\n                                <img src=\"https:\/\/pts.org.pl\/wp-content\/plugins\/facebook-button-plugin\/images\/standard-facebook-ico.png\" alt=\"Fb-Button\" \/>\n                            <\/a>\n                        <\/div><div class=\"fcbkbttn_like \"><fb:like href=\"https:\/\/pts.org.pl\/en\/seminarium-sekcji-socjologii-zycia-rodzinnego-i-intymnosci\/\" action=\"like\" colorscheme=\"light\" layout=\"button_count\"  size=\"small\"><\/fb:like><\/div><\/div>\n<p>Zapraszamy do udzia\u0142u w V seminarium on-line organizowanym przez Sekcj\u0119 Socjologii \u017bycia Rodzinnego i Intymno\u015bci.<\/p>\n\n\n\n<p>Temat: Nieoczekiwana zmiana miejsc &#8211; o opiekunach rodzinnych os\u00f3b<br>niesamodzielnych<br>Termin: 17 czerwca 2021 (czwartek) godz. 17.00<br>Link:<br><a href=\"https:\/\/us02web.zoom.us\/j\/87430769539?pwd=SURvbmpWS2ZYTmVlblRGYjA2T1FLQT09\" target=\"_blank\" rel=\"noreferrer noopener\">https:\/\/us02web.zoom.us\/j\/87430769539?pwd=SURvbmpWS2ZYTmVlblRGYjA2T1FLQT09<\/a><br>Meeting ID:&nbsp; 874 3076 9539<br>Passcode: 947164<\/p>\n\n\n\n<p>Prelegentki:<br>dr hab. Beata Szluz, prof. UR. Zak\u0142ad Socjologii Rodziny i Problem\u00f3w<br>Spo\u0142ecznych, Instytutu Nauk&nbsp; Socjologicznych Uniwersytetu Rzeszowskiego<br>Tytu\u0142 wystapienia: &#8220;Opiekunowie rodzinni os\u00f3b z chorob\u0105 chroniczn\u0105&#8221;<br>dr Magdalena Rosochacka-Gmitrzak. Katedra Studi\u00f3w Rodziny i Patologii<br>Spo\u0142ecznej, Instytutu&nbsp; Stosowanych Nauk Spo\u0142ecznych Uniwersytetu<br>Warszawskiego<br>Tytu\u0142 wystapienia: &#8220;Starsi doro\u015bli m\u0119\u017cczy\u017ani jako opiekunowie<br>chronicznie chorych \u017con&#8221;<br>Prowadzenie:&nbsp;&nbsp; dr hab. Iwona Taranowicz, prof. UWr<\/p>\n\n\n\n<p>Serdecznie zapraszamy!<\/p>\n","protected":false},"excerpt":{"rendered":"<p>Zapraszamy do udzia\u0142u w V seminarium on-line organizowanym przez Sekcj\u0119 Socjologii \u017bycia Rodzinnego i Intymno\u015bci. Temat: Nieoczekiwana zmiana miejsc &#8211; o opiekunach rodzinnych os\u00f3bniesamodzielnychTermin: 17 czerwca 2021 (czwartek) godz. 17.00Link:https:\/\/us02web.zoom.us\/j\/87430769539?pwd=SURvbmpWS2ZYTmVlblRGYjA2T1FLQT09Meeting ID:&nbsp; 874 3076 9539Passcode: 947164 Prelegentki:dr hab. Beata Szluz, prof. UR. Zak\u0142ad Socjologii Rodziny i Problem\u00f3wSpo\u0142ecznych, Instytutu Nauk&nbsp; Socjologicznych Uniwersytetu RzeszowskiegoTytu\u0142 wystapienia: &#8220;Opiekunowie rodzinni os\u00f3b [&hellip;]<\/p>\n","protected":false},"author":11,"featured_media":0,"comment_status":"open","ping_status":"open","sticky":false,"template":"","format":"standard","meta":[],"categories":[],"tags":[],"_links":{"self":[{"href":"https:\/\/pts.org.pl\/en\/wp-json\/wp\/v2\/posts\/5568"}],"collection":[{"href":"https:\/\/pts.org.pl\/en\/wp-json\/wp\/v2\/posts"}],"about":[{"href":"https:\/\/pts.org.pl\/en\/wp-json\/wp\/v2\/types\/post"}],"author":[{"embeddable":true,"href":"https:\/\/pts.org.pl\/en\/wp-json\/wp\/v2\/users\/11"}],"replies":[{"embeddable":true,"href":"https:\/\/pts.org.pl\/en\/wp-json\/wp\/v2\/comments?post=5568"}],"version-history":[{"count":1,"href":"https:\/\/pts.org.pl\/en\/wp-json\/wp\/v2\/posts\/5568\/revisions"}],"predecessor-version":[{"id":5569,"href":"https:\/\/pts.org.pl\/en\/wp-json\/wp\/v2\/posts\/5568\/revisions\/5569"}],"wp:attachment":[{"href":"https:\/\/pts.org.pl\/en\/wp-json\/wp\/v2\/media?parent=5568"}],"wp:term":[{"taxonomy":"category","embeddable":true,"href":"https:\/\/pts.org.pl\/en\/wp-json\/wp\/v2\/categories?post=5568"},{"taxonomy":"post_tag","embeddable":true,"href":"https:\/\/pts.org.pl\/en\/wp-json\/wp\/v2\/tags?post=5568"}],"curies":[{"name":"wp","href":"https:\/\/api.w.org\/{rel}","templated":true}]}}