{"id":5534,"date":"2021-06-24T11:26:00","date_gmt":"2021-06-24T11:26:00","guid":{"rendered":"https:\/\/pts.org.pl\/?p=5534"},"modified":"2021-06-26T11:27:59","modified_gmt":"2021-06-26T11:27:59","slug":"seminarium-badania-spoleczne-w-rzeczywistosci-postpandemicznej","status":"publish","type":"post","link":"https:\/\/pts.org.pl\/en\/seminarium-badania-spoleczne-w-rzeczywistosci-postpandemicznej\/","title":{"rendered":"Seminarium: Badania spo\u0142eczne w rzeczywisto\u015bci (post)pandemicznej"},"content":{"rendered":"<div class=\"fcbkbttn_buttons_block\" id=\"fcbkbttn_left\"><div class=\"fcbkbttn_button\">\n                            <a href=\"https:\/\/www.facebook.com\/\" target=\"_blank\">\n                                <img src=\"https:\/\/pts.org.pl\/wp-content\/plugins\/facebook-button-plugin\/images\/standard-facebook-ico.png\" alt=\"Fb-Button\" \/>\n                            <\/a>\n                        <\/div><div class=\"fcbkbttn_like \"><fb:like href=\"https:\/\/pts.org.pl\/en\/seminarium-badania-spoleczne-w-rzeczywistosci-postpandemicznej\/\" action=\"like\" colorscheme=\"light\" layout=\"button_count\"  size=\"small\"><\/fb:like><\/div><\/div>\n<p>Oddzia\u0142 Lubelski Polskiego Towarzystwa Socjologicznego zaprasza na seminarium pt.&nbsp;<strong>Badania spo\u0142eczne w rzeczywisto\u015bci (post)pandemicznej<\/strong><\/p>\n\n\n\n<p>Spotkanie odb\u0119dzie si\u0119&nbsp;<strong>25 czerwca 2021 r. (pi\u0105tek) o godz. 12.00<\/strong>&nbsp;na platformie Zoom.<\/p>\n\n\n\n<p>Przeprowadzanie bada\u0144 w rzeczywisto\u015bci (post)pandemicznej \u2013 przy obowi\u0105zuj\u0105cych obostrzeniach, zasadach dystansu spo\u0142ecznego, zakazach organizacji zgromadze\u0144, w warunkach zaostrzonego rygoru sanitarnego \u2013 to prawdziwe wyzwanie nie tylko dla m\u0142odych adept\u00f3w bada\u0144 spo\u0142ecznych, ale tak\u017ce dla os\u00f3b maj\u0105cych ju\u017c wieloletnie do\u015bwiadczenie badawcze. Techniki dot\u0105d sporadycznie wykorzystywane jak np. wywiady poprzez narz\u0119dzia do komunikacji zdalnej, webankiety, analizy jako\u015bciowe medi\u00f3w spo\u0142eczno\u015bciowych, dzisiaj staj\u0105 si\u0119 g\u0142\u00f3wnymi sposobami dzia\u0142a\u0144 badawczych. Seminarium to okazja do spotkania i dyskusji o tym, jak dzisiaj realizowa\u0107 badania spo\u0142eczne, gdy um\u00f3wienie spotkania badacza i badanego jest jeszcze trudniejsze ni\u017c wcze\u015bniej. Warto odda\u0107 g\u0142os osobom, kt\u00f3re mierzy\u0142y si\u0119 ze wspomnianymi okoliczno\u015bciami w realizacji swoich projekt\u00f3w badawczych i mog\u0105 podzieli\u0107 si\u0119 swoimi do\u015bwiadczeniami.<\/p>\n\n\n\n<p>Prelegenci:<\/p>\n\n\n\n<p><strong>Dr hab. Piotr D\u0142ugosz, prof. UP<\/strong>&nbsp;(Uniwersytet Pedagogiczny im. KEN w Krakowie, Centrum Bada\u0144 M\u0142odzie\u017cy):&nbsp;<em>O po\u017cytkach i niedogodno\u015bciach sonda\u017cu online w czasie pandemii COVID-19<\/em><\/p>\n\n\n\n<p><strong>Dr Monika Popow<\/strong>&nbsp;(Instytut Kultury Miejskiej, Gda\u0144sk):&nbsp;<em>Badania w momentach krytycznych. Do\u015bwiadczenie prowadzenia bada\u0144 jako\u015bciowych w trakcie pandemii<\/em><\/p>\n\n\n\n<p><strong>Dr Maciej Bia\u0142ous<\/strong>&nbsp;(Uniwersytet w Bia\u0142ymstoku):&nbsp;<em>&#8220;Najwa\u017cniejsze, \u017ce si\u0119 widzimy&#8221; &#8211; o badaniach kultury w pandemii i po pandemii<\/em>&nbsp;<\/p>\n\n\n\n<p><strong>Link do spotkania:<\/strong><\/p>\n\n\n\n<p><a href=\"https:\/\/zoom.us\/j\/97947149038?pwd=QVArUFRKZGR1Vzd1SVQraGE2VHdXZz09\">https:\/\/zoom.us\/j\/97947149038?pwd=QVArUFRKZGR1Vzd1SVQraGE2VHdXZz09<\/a><\/p>\n\n\n\n<p><strong>Meeting ID:<\/strong>&nbsp;979 4714 9038<\/p>\n\n\n\n<p><strong>Passcode:<\/strong>&nbsp;666495<\/p>\n\n\n\n<p>Zapraszamy serdecznie!<\/p>\n\n\n\n<p>Zarz\u0105d OL PTS<\/p>\n","protected":false},"excerpt":{"rendered":"<p>Oddzia\u0142 Lubelski Polskiego Towarzystwa Socjologicznego zaprasza na seminarium pt.&nbsp;Badania spo\u0142eczne w rzeczywisto\u015bci (post)pandemicznej Spotkanie odb\u0119dzie si\u0119&nbsp;25 czerwca 2021 r. (pi\u0105tek) o godz. 12.00&nbsp;na platformie Zoom. Przeprowadzanie bada\u0144 w rzeczywisto\u015bci (post)pandemicznej \u2013 przy obowi\u0105zuj\u0105cych obostrzeniach, zasadach dystansu spo\u0142ecznego, zakazach organizacji zgromadze\u0144, w warunkach zaostrzonego rygoru sanitarnego \u2013 to prawdziwe wyzwanie nie tylko dla m\u0142odych adept\u00f3w bada\u0144 [&hellip;]<\/p>\n","protected":false},"author":11,"featured_media":0,"comment_status":"open","ping_status":"open","sticky":false,"template":"","format":"standard","meta":[],"categories":[],"tags":[],"_links":{"self":[{"href":"https:\/\/pts.org.pl\/en\/wp-json\/wp\/v2\/posts\/5534"}],"collection":[{"href":"https:\/\/pts.org.pl\/en\/wp-json\/wp\/v2\/posts"}],"about":[{"href":"https:\/\/pts.org.pl\/en\/wp-json\/wp\/v2\/types\/post"}],"author":[{"embeddable":true,"href":"https:\/\/pts.org.pl\/en\/wp-json\/wp\/v2\/users\/11"}],"replies":[{"embeddable":true,"href":"https:\/\/pts.org.pl\/en\/wp-json\/wp\/v2\/comments?post=5534"}],"version-history":[{"count":1,"href":"https:\/\/pts.org.pl\/en\/wp-json\/wp\/v2\/posts\/5534\/revisions"}],"predecessor-version":[{"id":5535,"href":"https:\/\/pts.org.pl\/en\/wp-json\/wp\/v2\/posts\/5534\/revisions\/5535"}],"wp:attachment":[{"href":"https:\/\/pts.org.pl\/en\/wp-json\/wp\/v2\/media?parent=5534"}],"wp:term":[{"taxonomy":"category","embeddable":true,"href":"https:\/\/pts.org.pl\/en\/wp-json\/wp\/v2\/categories?post=5534"},{"taxonomy":"post_tag","embeddable":true,"href":"https:\/\/pts.org.pl\/en\/wp-json\/wp\/v2\/tags?post=5534"}],"curies":[{"name":"wp","href":"https:\/\/api.w.org\/{rel}","templated":true}]}}