{"id":5527,"date":"2021-06-25T16:05:00","date_gmt":"2021-06-25T16:05:00","guid":{"rendered":"https:\/\/pts.org.pl\/?p=5527"},"modified":"2021-06-25T16:05:02","modified_gmt":"2021-06-25T16:05:02","slug":"konferencja-religia-w-kulturze-i-spoleczenstwie-%e2%80%91-pytania-o-trwanie-i-zmiane","status":"publish","type":"post","link":"https:\/\/pts.org.pl\/en\/konferencja-religia-w-kulturze-i-spoleczenstwie-%e2%80%91-pytania-o-trwanie-i-zmiane\/","title":{"rendered":"Konferencja: Religia w kulturze i spo\u0142ecze\u0144stwie \u2011 pytania o trwanie i zmian\u0119"},"content":{"rendered":"<div class=\"fcbkbttn_buttons_block\" id=\"fcbkbttn_left\"><div class=\"fcbkbttn_button\">\n                            <a href=\"https:\/\/www.facebook.com\/\" target=\"_blank\">\n                                <img src=\"https:\/\/pts.org.pl\/wp-content\/plugins\/facebook-button-plugin\/images\/standard-facebook-ico.png\" alt=\"Fb-Button\" \/>\n                            <\/a>\n                        <\/div><div class=\"fcbkbttn_like \"><fb:like href=\"https:\/\/pts.org.pl\/en\/konferencja-religia-w-kulturze-i-spoleczenstwie-%e2%80%91-pytania-o-trwanie-i-zmiane\/\" action=\"like\" colorscheme=\"light\" layout=\"button_count\"  size=\"small\"><\/fb:like><\/div><\/div>\n<p>Zapraszamy do zg\u0142aszania referat\u00f3w na konferencj\u0119\u00a0<strong>Religia w kulturze i spo\u0142ecze\u0144stwie \u2011 pytania o trwanie i zmian\u0119,\u00a0<\/strong>kt\u00f3ra odb\u0119dzie si\u0119 w Szczecinie w dniach\u00a0<strong>23-24 wrze\u015bnia 2021<\/strong>. <\/p>\n\n\n\n<p>Organizatorem jest Instytut Socjologii Uniwersytetu Szczeci\u0144skiego i Sekcja Socjologii Religii PTS. Zg\u0142oszenia przyjmujemy do dnia\u00a0<strong>15 sierpnia<\/strong>. <\/p>\n\n\n\n<p>Szczeg\u00f3\u0142y zaproszenia, informacje o warunkach uczestnictwa oraz karta zg\u0142oszeniow\u0105 znajd\u0105 Pa\u0144stwo na stronie:\u00a0<a rel=\"noreferrer noopener\" href=\"https:\/\/soc.usz.edu.pl\/religia-w-kulturze-i-spoleczenstwie\/\" target=\"_blank\">https:\/\/soc.usz.edu.pl\/religia-w-kulturze-i-spoleczenstwie\/<\/a><\/p>\n","protected":false},"excerpt":{"rendered":"<p>Zapraszamy do zg\u0142aszania referat\u00f3w na konferencj\u0119\u00a0Religia w kulturze i spo\u0142ecze\u0144stwie \u2011 pytania o trwanie i zmian\u0119,\u00a0kt\u00f3ra odb\u0119dzie si\u0119 w Szczecinie w dniach\u00a023-24 wrze\u015bnia 2021. Organizatorem jest Instytut Socjologii Uniwersytetu Szczeci\u0144skiego i Sekcja Socjologii Religii PTS. Zg\u0142oszenia przyjmujemy do dnia\u00a015 sierpnia. Szczeg\u00f3\u0142y zaproszenia, informacje o warunkach uczestnictwa oraz karta zg\u0142oszeniow\u0105 znajd\u0105 Pa\u0144stwo na stronie:\u00a0https:\/\/soc.usz.edu.pl\/religia-w-kulturze-i-spoleczenstwie\/<\/p>\n","protected":false},"author":11,"featured_media":0,"comment_status":"open","ping_status":"open","sticky":false,"template":"","format":"standard","meta":[],"categories":[],"tags":[],"_links":{"self":[{"href":"https:\/\/pts.org.pl\/en\/wp-json\/wp\/v2\/posts\/5527"}],"collection":[{"href":"https:\/\/pts.org.pl\/en\/wp-json\/wp\/v2\/posts"}],"about":[{"href":"https:\/\/pts.org.pl\/en\/wp-json\/wp\/v2\/types\/post"}],"author":[{"embeddable":true,"href":"https:\/\/pts.org.pl\/en\/wp-json\/wp\/v2\/users\/11"}],"replies":[{"embeddable":true,"href":"https:\/\/pts.org.pl\/en\/wp-json\/wp\/v2\/comments?post=5527"}],"version-history":[{"count":1,"href":"https:\/\/pts.org.pl\/en\/wp-json\/wp\/v2\/posts\/5527\/revisions"}],"predecessor-version":[{"id":5528,"href":"https:\/\/pts.org.pl\/en\/wp-json\/wp\/v2\/posts\/5527\/revisions\/5528"}],"wp:attachment":[{"href":"https:\/\/pts.org.pl\/en\/wp-json\/wp\/v2\/media?parent=5527"}],"wp:term":[{"taxonomy":"category","embeddable":true,"href":"https:\/\/pts.org.pl\/en\/wp-json\/wp\/v2\/categories?post=5527"},{"taxonomy":"post_tag","embeddable":true,"href":"https:\/\/pts.org.pl\/en\/wp-json\/wp\/v2\/tags?post=5527"}],"curies":[{"name":"wp","href":"https:\/\/api.w.org\/{rel}","templated":true}]}}