{"id":5519,"date":"2021-06-21T21:04:35","date_gmt":"2021-06-21T21:04:35","guid":{"rendered":"https:\/\/pts.org.pl\/?p=5519"},"modified":"2021-06-21T21:04:36","modified_gmt":"2021-06-21T21:04:36","slug":"konferencja-socjologia-religii-a-zmiana-spoleczna-stan-i-perspektywy-pamieci-ks-prof-wladyslawa-piwowarskiego-i-prof-edwarda-ciupaka","status":"publish","type":"post","link":"https:\/\/pts.org.pl\/en\/konferencja-socjologia-religii-a-zmiana-spoleczna-stan-i-perspektywy-pamieci-ks-prof-wladyslawa-piwowarskiego-i-prof-edwarda-ciupaka\/","title":{"rendered":"Konferencja: SOCJOLOGIA RELIGII A ZMIANA SPO\u0141ECZNA \u2013 STAN I PERSPEKTYWY. PAMI\u0118CI KS. PROF. W\u0141ADYS\u0141AWA PIWOWARSKIEGO i PROF. EDWARDA CIUPAKA"},"content":{"rendered":"<div class=\"fcbkbttn_buttons_block\" id=\"fcbkbttn_left\"><div class=\"fcbkbttn_button\">\n                            <a href=\"https:\/\/www.facebook.com\/\" target=\"_blank\">\n                                <img src=\"https:\/\/pts.org.pl\/wp-content\/plugins\/facebook-button-plugin\/images\/standard-facebook-ico.png\" alt=\"Fb-Button\" \/>\n                            <\/a>\n                        <\/div><div class=\"fcbkbttn_like \"><fb:like href=\"https:\/\/pts.org.pl\/en\/konferencja-socjologia-religii-a-zmiana-spoleczna-stan-i-perspektywy-pamieci-ks-prof-wladyslawa-piwowarskiego-i-prof-edwarda-ciupaka\/\" action=\"like\" colorscheme=\"light\" layout=\"button_count\"  size=\"small\"><\/fb:like><\/div><\/div>\n<p>Katedra Socjologii Religii w Instytucie Nauk Socjologicznych Uniwersytetu Kardyna\u0142a Stefana Wyszy\u0144skiego w Warszawie oraz Sekcja Socjologii Religii Polskiego Towarzystwa Socjologicznego&nbsp; maj\u0105 zaszczyt zaprosi\u0107 na konferencj\u0119 naukow\u0105 <strong>SOCJOLOGIA RELIGII A ZMIANA SPO\u0141ECZNA \u2013 STAN I PERSPEKTYWY. PAMI\u0118CI KS. PROF. W\u0141ADYS\u0141AWA PIWOWARSKIEGO i PROF. EDWARDA CIUPAKA, kt\u00f3ra odb\u0119dzie si\u0119 1 grudnia 2021 roku.<\/strong><\/p>\n\n\n\n<p><strong>Abstrakty nale\u017cy zg\u0142asza\u0107 do 30 wrze\u015bnia 2021 roku,<\/strong> z propozycj\u0105 wskazania sesji tematycznej, w kt\u00f3rej referat ma by\u0107 wyg\u0142oszony. Przed dokonaniem op\u0142at, najp\u00f3\u017aniej do 15 pa\u017adziernika br. organizatorzy poinformuj\u0105 o przyj\u0119ciu referat\u00f3w. Zg\u0142oszenia b\u0119d\u0105 dost\u0119pne pod postaci\u0105 karty uczestnictwa zamieszczonej na specjalnej stronie konferencji (jej adres zostanie podany w nast\u0119pnych komunikatach), kt\u00f3r\u0105 po wype\u0142nieniu nale\u017cy przes\u0142a\u0107 na adres sekretarza \u2013 dra Marcina Choczy\u0144skiego: <a href=\"mailto:m.choczynski@uksw.edu.pl\">m.choczynski@uksw.edu.pl<\/a><\/p>\n\n\n\n<div class=\"wp-block-file\"><a href=\"https:\/\/pts.org.pl\/wp-content\/uploads\/2021\/06\/Zaproszenie-Konferencja-Socjologia-religii-a-zmiana-spoleczna-01.12.2021-r.-1.pdf\">Zaproszenie &#8211; Konferencja Socjologia religii a zmiana spo\u0142eczna (01.12.2021 r.) <\/a><a href=\"https:\/\/pts.org.pl\/wp-content\/uploads\/2021\/06\/Zaproszenie-Konferencja-Socjologia-religii-a-zmiana-spoleczna-01.12.2021-r.-1.pdf\" class=\"wp-block-file__button\" download>Pobierz<\/a><\/div>\n\n\n\n<p><\/p>\n","protected":false},"excerpt":{"rendered":"<p>Katedra Socjologii Religii w Instytucie Nauk Socjologicznych Uniwersytetu Kardyna\u0142a Stefana Wyszy\u0144skiego w Warszawie oraz Sekcja Socjologii Religii Polskiego Towarzystwa Socjologicznego&nbsp; maj\u0105 zaszczyt zaprosi\u0107 na konferencj\u0119 naukow\u0105 SOCJOLOGIA RELIGII A ZMIANA SPO\u0141ECZNA \u2013 STAN I PERSPEKTYWY. PAMI\u0118CI KS. PROF. W\u0141ADYS\u0141AWA PIWOWARSKIEGO i PROF. EDWARDA CIUPAKA, kt\u00f3ra odb\u0119dzie si\u0119 1 grudnia 2021 roku. Abstrakty nale\u017cy zg\u0142asza\u0107 do [&hellip;]<\/p>\n","protected":false},"author":11,"featured_media":0,"comment_status":"open","ping_status":"open","sticky":false,"template":"","format":"standard","meta":[],"categories":[],"tags":[],"_links":{"self":[{"href":"https:\/\/pts.org.pl\/en\/wp-json\/wp\/v2\/posts\/5519"}],"collection":[{"href":"https:\/\/pts.org.pl\/en\/wp-json\/wp\/v2\/posts"}],"about":[{"href":"https:\/\/pts.org.pl\/en\/wp-json\/wp\/v2\/types\/post"}],"author":[{"embeddable":true,"href":"https:\/\/pts.org.pl\/en\/wp-json\/wp\/v2\/users\/11"}],"replies":[{"embeddable":true,"href":"https:\/\/pts.org.pl\/en\/wp-json\/wp\/v2\/comments?post=5519"}],"version-history":[{"count":1,"href":"https:\/\/pts.org.pl\/en\/wp-json\/wp\/v2\/posts\/5519\/revisions"}],"predecessor-version":[{"id":5521,"href":"https:\/\/pts.org.pl\/en\/wp-json\/wp\/v2\/posts\/5519\/revisions\/5521"}],"wp:attachment":[{"href":"https:\/\/pts.org.pl\/en\/wp-json\/wp\/v2\/media?parent=5519"}],"wp:term":[{"taxonomy":"category","embeddable":true,"href":"https:\/\/pts.org.pl\/en\/wp-json\/wp\/v2\/categories?post=5519"},{"taxonomy":"post_tag","embeddable":true,"href":"https:\/\/pts.org.pl\/en\/wp-json\/wp\/v2\/tags?post=5519"}],"curies":[{"name":"wp","href":"https:\/\/api.w.org\/{rel}","templated":true}]}}