{"id":5516,"date":"2021-06-19T13:18:10","date_gmt":"2021-06-19T13:18:10","guid":{"rendered":"https:\/\/pts.org.pl\/?p=5516"},"modified":"2021-06-19T13:18:13","modified_gmt":"2021-06-19T13:18:13","slug":"prelekcja-pawla-chyca-stawanie-sie-innym-nowe-spojrzenie-na-proces-akulturacji-w-amazonii","status":"publish","type":"post","link":"https:\/\/pts.org.pl\/en\/prelekcja-pawla-chyca-stawanie-sie-innym-nowe-spojrzenie-na-proces-akulturacji-w-amazonii\/","title":{"rendered":"Prelekcja Paw\u0142a Chyca: Stawanie si\u0119 Innym. Nowe spojrzenie na proces akulturacji w Amazonii"},"content":{"rendered":"<div class=\"fcbkbttn_buttons_block\" id=\"fcbkbttn_left\"><div class=\"fcbkbttn_button\">\n                            <a href=\"https:\/\/www.facebook.com\/\" target=\"_blank\">\n                                <img src=\"https:\/\/pts.org.pl\/wp-content\/plugins\/facebook-button-plugin\/images\/standard-facebook-ico.png\" alt=\"Fb-Button\" \/>\n                            <\/a>\n                        <\/div><div class=\"fcbkbttn_like \"><fb:like href=\"https:\/\/pts.org.pl\/en\/prelekcja-pawla-chyca-stawanie-sie-innym-nowe-spojrzenie-na-proces-akulturacji-w-amazonii\/\" action=\"like\" colorscheme=\"light\" layout=\"button_count\"  size=\"small\"><\/fb:like><\/div><\/div>\n<p>PTS o. Bia\u0142ystok oraz Instytut Socjologii Uniwersytetu w Bia\u0142ymstoku zapraszaj\u0105 na prelekcj\u0119 on-line, pracownika IS UwB Paw\u0142a Chyca, prowadz\u0105cego badania terenowe w\u015br\u00f3d boliwijskiego ludu Mor\u00e9 w Amazonii.<\/p>\n\n\n\n<p>Spotkanie odb\u0119dzie na platformie Zoom, w poniedzia\u0142ek 21 czerwca, o godz. 16.00. <\/p>\n\n\n\n<p>Topic: Stawanie si\u0119 Innym. Nowe spojrzenie na proces akulturacji w Amazonii<br>Time: Jun 21, 2021 04:00 PM Warsaw<br>Join Zoom Meeting<br>https:\/\/zoom.us\/j\/94470850643<\/p>\n\n\n\n<p>Meeting ID: 944 7085 0643<\/p>\n\n\n\n<p>W imieniu Zarz\u0105du Oddzia\u0142u PTS Bia\u0142ystok<\/p>\n\n\n\n<p>\u2013 Maciej Krzywosz<\/p>\n\n\n\n<div class=\"wp-block-file\"><a href=\"https:\/\/pts.org.pl\/wp-content\/uploads\/2021\/06\/Abstrakt.pdf\">Abstrakt<\/a><a href=\"https:\/\/pts.org.pl\/wp-content\/uploads\/2021\/06\/Abstrakt.pdf\" class=\"wp-block-file__button\" download>Pobierz<\/a><\/div>\n\n\n\n<p><\/p>\n","protected":false},"excerpt":{"rendered":"<p>PTS o. Bia\u0142ystok oraz Instytut Socjologii Uniwersytetu w Bia\u0142ymstoku zapraszaj\u0105 na prelekcj\u0119 on-line, pracownika IS UwB Paw\u0142a Chyca, prowadz\u0105cego badania terenowe w\u015br\u00f3d boliwijskiego ludu Mor\u00e9 w Amazonii. Spotkanie odb\u0119dzie na platformie Zoom, w poniedzia\u0142ek 21 czerwca, o godz. 16.00. Topic: Stawanie si\u0119 Innym. Nowe spojrzenie na proces akulturacji w AmazoniiTime: Jun 21, 2021 04:00 PM [&hellip;]<\/p>\n","protected":false},"author":11,"featured_media":0,"comment_status":"open","ping_status":"open","sticky":false,"template":"","format":"standard","meta":[],"categories":[],"tags":[],"_links":{"self":[{"href":"https:\/\/pts.org.pl\/en\/wp-json\/wp\/v2\/posts\/5516"}],"collection":[{"href":"https:\/\/pts.org.pl\/en\/wp-json\/wp\/v2\/posts"}],"about":[{"href":"https:\/\/pts.org.pl\/en\/wp-json\/wp\/v2\/types\/post"}],"author":[{"embeddable":true,"href":"https:\/\/pts.org.pl\/en\/wp-json\/wp\/v2\/users\/11"}],"replies":[{"embeddable":true,"href":"https:\/\/pts.org.pl\/en\/wp-json\/wp\/v2\/comments?post=5516"}],"version-history":[{"count":1,"href":"https:\/\/pts.org.pl\/en\/wp-json\/wp\/v2\/posts\/5516\/revisions"}],"predecessor-version":[{"id":5518,"href":"https:\/\/pts.org.pl\/en\/wp-json\/wp\/v2\/posts\/5516\/revisions\/5518"}],"wp:attachment":[{"href":"https:\/\/pts.org.pl\/en\/wp-json\/wp\/v2\/media?parent=5516"}],"wp:term":[{"taxonomy":"category","embeddable":true,"href":"https:\/\/pts.org.pl\/en\/wp-json\/wp\/v2\/categories?post=5516"},{"taxonomy":"post_tag","embeddable":true,"href":"https:\/\/pts.org.pl\/en\/wp-json\/wp\/v2\/tags?post=5516"}],"curies":[{"name":"wp","href":"https:\/\/api.w.org\/{rel}","templated":true}]}}