{"id":5487,"date":"2021-06-15T21:21:22","date_gmt":"2021-06-15T21:21:22","guid":{"rendered":"https:\/\/pts.org.pl\/?p=5487"},"modified":"2021-06-15T21:21:24","modified_gmt":"2021-06-15T21:21:24","slug":"zaproszenie-na-wyklad-profesora-tomasza-polaka-pt-zrodla-sukcesu-systemu-koscielnego","status":"publish","type":"post","link":"https:\/\/pts.org.pl\/en\/zaproszenie-na-wyklad-profesora-tomasza-polaka-pt-zrodla-sukcesu-systemu-koscielnego\/","title":{"rendered":"Zaproszenie na wyk\u0142ad Profesora Tomasza Polaka pt. \u0179r\u00f3d\u0142a sukcesu systemu ko\u015bcielnego"},"content":{"rendered":"<div class=\"fcbkbttn_buttons_block\" id=\"fcbkbttn_left\"><div class=\"fcbkbttn_button\">\n                            <a href=\"https:\/\/www.facebook.com\/\" target=\"_blank\">\n                                <img src=\"https:\/\/pts.org.pl\/wp-content\/plugins\/facebook-button-plugin\/images\/standard-facebook-ico.png\" alt=\"Fb-Button\" \/>\n                            <\/a>\n                        <\/div><div class=\"fcbkbttn_like \"><fb:like href=\"https:\/\/pts.org.pl\/en\/zaproszenie-na-wyklad-profesora-tomasza-polaka-pt-zrodla-sukcesu-systemu-koscielnego\/\" action=\"like\" colorscheme=\"light\" layout=\"button_count\"  size=\"small\"><\/fb:like><\/div><\/div>\n<p>Szanowni Pa\u0144stwo,<\/p>\n\n\n\n<p>mamy przyjemno\u015b\u0107 serdecznie zaprosi\u0107 Pa\u0144stwa na wyk\u0142ad Profesora Tomasza Polaka pt. \u0179r\u00f3d\u0142a sukcesu systemu ko\u015bcielnego, kt\u00f3ry odb\u0119dzie si\u0119 w ramach cyklu Spotka\u0144 Mistrzowskich Instytutu Socjologii UJ \u2013 serii spotka\u0144 on-line z wybitnymi przedstawicielkami i przedstawicielami \u017cycia naukowego w Polsce i na \u015bwiecie.<\/p>\n\n\n\n<p>Kilka s\u0142\u00f3w o wyk\u0142adzie:<\/p>\n\n\n\n<p>Wyk\u0142ad po\u015bwi\u0119cony pr\u00f3bie odpowiedzi na pytanie, dlaczego \u201esystem ko\u015bcielny\u201d odni\u00f3s\u0142 tak ogromny i trwa\u0142y historycznie sukces. \u201eSystem ko\u015bcielny\u201d to zesp\u00f3\u0142 wyobra\u017ce\u0144, decyzji i powi\u0105zanych z nimi regu\u0142 post\u0119powania, kt\u00f3re od po\u0142owy pierwszego wieku naszej ery decyduj\u0105 o tym, \u017ce chrze\u015bcija\u0144stwo istnieje w formie \u201eKo\u015bcio\u0142a\u201d czy te\u017c \u201eKo\u015bcio\u0142\u00f3w\u201d. \u201eSystem ko\u015bcielny\u201d nie uto\u017csamia si\u0119 po prostu z tym czy innym Ko\u015bcio\u0142em, ale stanowi zasad\u0119 i wewn\u0119trzn\u0105 formu\u0142\u0119 istnienia ka\u017cdego chrze\u015bcija\u0144skiego Ko\u015bcio\u0142a w ka\u017cdym momencie jego historii. System ko\u015bcielny jest skuteczn\u0105 maszyn\u0105 spo\u0142eczn\u0105 opart\u0105 na spontanicznie stworzonym fantazmacie.<\/p>\n\n\n\n<p>Sukces tego rodzaju fantazmatycznych maszyn spo\u0142ecznych i wsp\u00f3\u0142tworz\u0105cych je ludzi, czyli struktur lub system\u00f3w spo\u0142ecznych zorganizowanych wok\u00f3\u0142 \u015bwiadomo\u015bci fantazmatycznej opiera si\u0119 na trzech przes\u0142ankach, kt\u00f3re, by do owego sukcesu doprowadzi\u0107, musz\u0105 wyst\u0105pi\u0107 i zadzia\u0142a\u0107 razem.<\/p>\n\n\n\n<p>1\u2019 Pierwsz\u0105 przes\u0142ank\u0105, na kt\u00f3rej opiera si\u0119 sukces fantazmatycznych maszyn spo\u0142ecznych i wsp\u00f3\u0142tworz\u0105cych je ludzi, jest skuteczny dost\u0119p do znacznej grupy os\u00f3b niedocenionych w dotychczasowym uk\u0142adzie relacji spo\u0142ecznych lub wr\u0119cz uwa\u017canych w nim za zb\u0119dne. Chodzi o przej\u0119cie takich os\u00f3b i dostarczanej przez nie potencjalnej energii na rzecz rodz\u0105cej si\u0119 nowej struktury. Przej\u0119cie staje si\u0119 skuteczne, je\u015bli mo\u017cna takim osobom zaimplementowa\u0107 przekonanie, \u017ce w\u0142a\u015bnie zosta\u0142y wyrwane z dotychczasowego stanu niedocenienia na rzecz nowej, wy\u017cszej pozycji spo\u0142ecznej (cokolwiek mia\u0142oby to znaczy\u0107). Przej\u0119cie takie, a za nim sukcesy opartej na nim spo\u0142ecznej struktury okazuj\u0105 si\u0119 trwa\u0142e, je\u015bli zostanie r\u00f3wnocze\u015bnie stworzony spo\u0142eczny mechanizm pokoleniowej replikacji \u201eniedocenionych\u201d, kt\u00f3ry pozwala uruchamia\u0107 opisany tu proces wci\u0105\u017c na nowo.<\/p>\n\n\n\n<p>2\u2019 Drug\u0105 przes\u0142ank\u0105, na kt\u00f3rej opiera si\u0119 sukces takich maszyn, jest wytworzenie innowacyjnego (a zarazem zazwyczaj manipulacyjnego) j\u0119zyka, czyli takiej nowej ramy j\u0119zykowej, kt\u00f3ra odpowiednio wyrazi now\u0105 to\u017csamo\u015b\u0107 spo\u0142eczno\u015bci wsp\u00f3\u0142tworz\u0105cej ow\u0105 now\u0105 struktur\u0119.<\/p>\n\n\n\n<p>3\u2019 Trzeci\u0105 przes\u0142ank\u0105, na kt\u00f3rej opiera si\u0119 sukces takich maszyn, jest uruchomienie w formuj\u0105cej si\u0119 nowej spo\u0142eczno\u015bci \u201ekontrpolityki\u201d, czyli takich proces\u00f3w, kt\u00f3re wprawdzie w niczym nie posuwaj\u0105 naprz\u00f3d cywilizacyjnego rozwoju spo\u0142eczno\u015bci, o kt\u00f3r\u0105 chodzi, i w gruncie rzeczy nie zmieniaj\u0105 te\u017c jej usytuowania, ale dostarczaj\u0105 cz\u0142onkom takiej spo\u0142eczno\u015bci<\/p>\n\n\n\n<p>(nowego) poczucia suwerenno\u015bci i suwerennego dzia\u0142ania lub cho\u0107by tylko pragmatycznego poczucia \u201ebycia na swoim miejscu\u201d.<\/p>\n\n\n\n<p class=\"has-text-align-right\">Profesor Tomasz Polak<\/p>\n\n\n\n<p>Wyk\u0142ad odb\u0119dzie si\u0119 24 czerwca 2021 roku (czwartek) o godz. 18:00 na platformie MsTeams <\/p>\n\n\n\n<p>\u00b7 link do spotkania: https:\/\/teams.microsoft.com\/l\/meetup-join\/19%3ax6b_2aE6hemxr1UjoWKL1RvV2e4pozwExjvn3cylTq81%40thread.tacv2\/1621330432809?context=%7b%22Tid%22%3a%22eb0e26eb-bfbe-47d2-9e90-ebd2426dbceb%22%2c%22Oid%22%3a%2270064893-d07f-40d7-b83b-9fe3b0107d73%22%7d<\/p>\n\n\n\n<p>\u00b7 kod zespo\u0142u: 2y0pbq8<\/p>\n\n\n\n<p>prof. dr hab. Tomasz Polak &#8211; profesor zwyczajny Uniwersytetu im. Adama Mickiewicza w Poznaniu, wsp\u00f3\u0142tw\u00f3rca wraz z dr Beat\u0105 Ann\u0105 Polak Pracowni Pyta\u0144 Granicznych UAM (2006). Do roku 2007 pracowa\u0142 jako duchowny katolicki i teolog na Wydziale Teologicznym UAM, a po odej\u015bciu ze stanu duchownego i apostazji z Ko\u015bcio\u0142a Katolickiego, pracuje jako profesor we wspomnianej Pracowni.<\/p>\n\n\n\n<p>Zajmuje si\u0119 analiz\u0105 system\u00f3w spo\u0142ecznych, teori\u0105 maszyn spo\u0142ecznych i kwestiami granicznymi kultury i polityki. Ostatnio wyda\u0142 \u201eSystem ko\u015bcielny, czyli przewagi pana K.\u201d (Pozna\u0144 2020).<\/p>\n\n\n\n<p>Organizator: Instytut Socjologii Uniwersytetu Jagiello\u0144skiego w Krakowie Wsp\u00f3\u0142organizatorzy: Interdyscyplinarne Centrum Analiz Spo\u0142eczno-Prawnych UJ Sekcja Socjologii Prawa Polskiego Towarzystwa Socjologicznego<\/p>\n\n\n\n<figure class=\"wp-block-image size-large\"><img loading=\"lazy\" width=\"724\" height=\"1024\" src=\"https:\/\/pts.org.pl\/wp-content\/uploads\/2021\/06\/T.-Polak_PLAKAT-724x1024.png\" alt=\"\" class=\"wp-image-5488\" srcset=\"https:\/\/pts.org.pl\/wp-content\/uploads\/2021\/06\/T.-Polak_PLAKAT-724x1024.png 724w, https:\/\/pts.org.pl\/wp-content\/uploads\/2021\/06\/T.-Polak_PLAKAT-212x300.png 212w, https:\/\/pts.org.pl\/wp-content\/uploads\/2021\/06\/T.-Polak_PLAKAT-768x1086.png 768w, https:\/\/pts.org.pl\/wp-content\/uploads\/2021\/06\/T.-Polak_PLAKAT-1086x1536.png 1086w, https:\/\/pts.org.pl\/wp-content\/uploads\/2021\/06\/T.-Polak_PLAKAT-1448x2048.png 1448w, https:\/\/pts.org.pl\/wp-content\/uploads\/2021\/06\/T.-Polak_PLAKAT.png 1587w\" sizes=\"(max-width: 724px) 100vw, 724px\" \/><\/figure>\n\n\n\n\n\n<p><\/p>\n","protected":false},"excerpt":{"rendered":"<p>Szanowni Pa\u0144stwo, mamy przyjemno\u015b\u0107 serdecznie zaprosi\u0107 Pa\u0144stwa na wyk\u0142ad Profesora Tomasza Polaka pt. \u0179r\u00f3d\u0142a sukcesu systemu ko\u015bcielnego, kt\u00f3ry odb\u0119dzie si\u0119 w ramach cyklu Spotka\u0144 Mistrzowskich Instytutu Socjologii UJ \u2013 serii spotka\u0144 on-line z wybitnymi przedstawicielkami i przedstawicielami \u017cycia naukowego w Polsce i na \u015bwiecie. Kilka s\u0142\u00f3w o wyk\u0142adzie: Wyk\u0142ad po\u015bwi\u0119cony pr\u00f3bie odpowiedzi na pytanie, dlaczego [&hellip;]<\/p>\n","protected":false},"author":11,"featured_media":0,"comment_status":"open","ping_status":"open","sticky":false,"template":"","format":"standard","meta":[],"categories":[],"tags":[],"_links":{"self":[{"href":"https:\/\/pts.org.pl\/en\/wp-json\/wp\/v2\/posts\/5487"}],"collection":[{"href":"https:\/\/pts.org.pl\/en\/wp-json\/wp\/v2\/posts"}],"about":[{"href":"https:\/\/pts.org.pl\/en\/wp-json\/wp\/v2\/types\/post"}],"author":[{"embeddable":true,"href":"https:\/\/pts.org.pl\/en\/wp-json\/wp\/v2\/users\/11"}],"replies":[{"embeddable":true,"href":"https:\/\/pts.org.pl\/en\/wp-json\/wp\/v2\/comments?post=5487"}],"version-history":[{"count":1,"href":"https:\/\/pts.org.pl\/en\/wp-json\/wp\/v2\/posts\/5487\/revisions"}],"predecessor-version":[{"id":5489,"href":"https:\/\/pts.org.pl\/en\/wp-json\/wp\/v2\/posts\/5487\/revisions\/5489"}],"wp:attachment":[{"href":"https:\/\/pts.org.pl\/en\/wp-json\/wp\/v2\/media?parent=5487"}],"wp:term":[{"taxonomy":"category","embeddable":true,"href":"https:\/\/pts.org.pl\/en\/wp-json\/wp\/v2\/categories?post=5487"},{"taxonomy":"post_tag","embeddable":true,"href":"https:\/\/pts.org.pl\/en\/wp-json\/wp\/v2\/tags?post=5487"}],"curies":[{"name":"wp","href":"https:\/\/api.w.org\/{rel}","templated":true}]}}