{"id":5385,"date":"2021-06-09T09:13:31","date_gmt":"2021-06-09T09:13:31","guid":{"rendered":"https:\/\/pts.org.pl\/?p=5385"},"modified":"2021-06-09T09:13:33","modified_gmt":"2021-06-09T09:13:33","slug":"otwarte-seminarium-sekcji-relacji-miedzygatunkowych","status":"publish","type":"post","link":"https:\/\/pts.org.pl\/en\/otwarte-seminarium-sekcji-relacji-miedzygatunkowych\/","title":{"rendered":"Otwarte Seminarium Sekcji Relacji Mi\u0119dzygatunkowych"},"content":{"rendered":"<div class=\"fcbkbttn_buttons_block\" id=\"fcbkbttn_left\"><div class=\"fcbkbttn_button\">\n                            <a href=\"https:\/\/www.facebook.com\/\" target=\"_blank\">\n                                <img src=\"https:\/\/pts.org.pl\/wp-content\/plugins\/facebook-button-plugin\/images\/standard-facebook-ico.png\" alt=\"Fb-Button\" \/>\n                            <\/a>\n                        <\/div><div class=\"fcbkbttn_like \"><fb:like href=\"https:\/\/pts.org.pl\/en\/otwarte-seminarium-sekcji-relacji-miedzygatunkowych\/\" action=\"like\" colorscheme=\"light\" layout=\"button_count\"  size=\"small\"><\/fb:like><\/div><\/div>\n<p>Zapraszamy na kolejne spotkanie w ramach Otwartego Seminarium Sekcji Relacji Mi\u0119dzygatunkowych PTS.<\/p>\n\n\n\n<p>Odb\u0119dzie si\u0119 ono\u00a0<strong>17.06.2021<\/strong>\u00a0o godzinie\u00a0<strong>18:00<\/strong>.<\/p>\n\n\n\n<p>Go\u015bciem b\u0119dzie Piotr Zi\u0119cik \u2013 ekolog, biolog, ornitolog, kt\u00f3ry opowie o zaanga\u017cowaniu w pomoc p\u0142azom na terenie Tr\u00f3jmiasta.<\/p>\n\n\n\n<p>Szczeg\u00f3\u0142owe informacje: <\/p>\n\n\n\n<p><a href=\"https:\/\/www.facebook.com\/events\/261622905654961\">https:\/\/www.facebook.com\/events\/261622905654961<\/a><\/p>\n","protected":false},"excerpt":{"rendered":"<p>Zapraszamy na kolejne spotkanie w ramach Otwartego Seminarium Sekcji Relacji Mi\u0119dzygatunkowych PTS. Odb\u0119dzie si\u0119 ono\u00a017.06.2021\u00a0o godzinie\u00a018:00. Go\u015bciem b\u0119dzie Piotr Zi\u0119cik \u2013 ekolog, biolog, ornitolog, kt\u00f3ry opowie o zaanga\u017cowaniu w pomoc p\u0142azom na terenie Tr\u00f3jmiasta. Szczeg\u00f3\u0142owe informacje: https:\/\/www.facebook.com\/events\/261622905654961<\/p>\n","protected":false},"author":11,"featured_media":0,"comment_status":"open","ping_status":"open","sticky":false,"template":"","format":"standard","meta":[],"categories":[],"tags":[],"_links":{"self":[{"href":"https:\/\/pts.org.pl\/en\/wp-json\/wp\/v2\/posts\/5385"}],"collection":[{"href":"https:\/\/pts.org.pl\/en\/wp-json\/wp\/v2\/posts"}],"about":[{"href":"https:\/\/pts.org.pl\/en\/wp-json\/wp\/v2\/types\/post"}],"author":[{"embeddable":true,"href":"https:\/\/pts.org.pl\/en\/wp-json\/wp\/v2\/users\/11"}],"replies":[{"embeddable":true,"href":"https:\/\/pts.org.pl\/en\/wp-json\/wp\/v2\/comments?post=5385"}],"version-history":[{"count":1,"href":"https:\/\/pts.org.pl\/en\/wp-json\/wp\/v2\/posts\/5385\/revisions"}],"predecessor-version":[{"id":5386,"href":"https:\/\/pts.org.pl\/en\/wp-json\/wp\/v2\/posts\/5385\/revisions\/5386"}],"wp:attachment":[{"href":"https:\/\/pts.org.pl\/en\/wp-json\/wp\/v2\/media?parent=5385"}],"wp:term":[{"taxonomy":"category","embeddable":true,"href":"https:\/\/pts.org.pl\/en\/wp-json\/wp\/v2\/categories?post=5385"},{"taxonomy":"post_tag","embeddable":true,"href":"https:\/\/pts.org.pl\/en\/wp-json\/wp\/v2\/tags?post=5385"}],"curies":[{"name":"wp","href":"https:\/\/api.w.org\/{rel}","templated":true}]}}