{"id":5369,"date":"2021-06-01T10:11:00","date_gmt":"2021-06-01T10:11:00","guid":{"rendered":"https:\/\/pts.org.pl\/?p=5369"},"modified":"2021-06-07T10:52:14","modified_gmt":"2021-06-07T10:52:14","slug":"werdykt-jury-nagrody-im-anselma-straussa-2021","status":"publish","type":"post","link":"https:\/\/pts.org.pl\/en\/werdykt-jury-nagrody-im-anselma-straussa-2021\/","title":{"rendered":"Werdykt Jury Nagrody im. Anselma Straussa 2021"},"content":{"rendered":"<div class=\"fcbkbttn_buttons_block\" id=\"fcbkbttn_left\"><div class=\"fcbkbttn_button\">\n                            <a href=\"https:\/\/www.facebook.com\/\" target=\"_blank\">\n                                <img src=\"https:\/\/pts.org.pl\/wp-content\/plugins\/facebook-button-plugin\/images\/standard-facebook-ico.png\" alt=\"Fb-Button\" \/>\n                            <\/a>\n                        <\/div><div class=\"fcbkbttn_like \"><fb:like href=\"https:\/\/pts.org.pl\/en\/werdykt-jury-nagrody-im-anselma-straussa-2021\/\" action=\"like\" colorscheme=\"light\" layout=\"button_count\"  size=\"small\"><\/fb:like><\/div><\/div>\n<p>Jury Nagrody im. Anselma Straussa ustanowionej przez Sekcj\u0119 Socjologii Jako\u015bciowej i Symbolicznego Interakcjonizmu, podczas obrad w trybie on-line dnia 28 maja 2021 r. oceni\u0142o publikacje nades\u0142ane na tegoroczny konkurs i jednog\u0142o\u015bnie zdecydowa\u0142o oprzyznaniu<\/p>\n\n\n\n<p><strong><u>Nagrody im.&nbsp;Anselma Straussa 2021<\/u><\/strong><\/p>\n\n\n\n<p><strong>Pani Magdalenie Wojciechowskiej<\/strong><\/p>\n\n\n\n<p><strong>za ksi\u0105\u017ck\u0119 pt.&nbsp;\u201eDwie matki jednego dziecka. Macierzy\u0144stwo nieheteronormatywne w do\u015bwiadczeniu kobiet wychowuj\u0105cych dzieci pocz\u0119te w zwi\u0105zku jednop\u0142ciowym\u201d<\/strong>,<\/p>\n\n\n\n<p>Wydawnictwo Uniwersytetu \u0141\u00f3dzkiego, \u0141\u00f3d\u017a 2020.<\/p>\n\n\n\n<p><strong><u>Jury Nagrody im. Anselma Straussa<\/u><\/strong><\/p>\n\n\n\n<p>Anna Kacperczyk, Przewodnicz\u0105ca Jury<\/p>\n\n\n\n<p>Izabela Bukalska, Sekretarz Jury<\/p>\n\n\n\n<p>Joanna Bielecka-Prus, Cz\u0142onek Jury<\/p>\n\n\n\n<p>Marek Gorzko, Cz\u0142onek Jury<\/p>\n\n\n\n<p>Katarzyna Kowal, Cz\u0142onek Jury<\/p>\n\n\n\n<p><\/p>\n","protected":false},"excerpt":{"rendered":"<p>Jury Nagrody im. Anselma Straussa ustanowionej przez Sekcj\u0119 Socjologii Jako\u015bciowej i Symbolicznego Interakcjonizmu, podczas obrad w trybie on-line dnia 28 maja 2021 r. oceni\u0142o publikacje nades\u0142ane na tegoroczny konkurs i jednog\u0142o\u015bnie zdecydowa\u0142o oprzyznaniu Nagrody im.&nbsp;Anselma Straussa 2021 Pani Magdalenie Wojciechowskiej za ksi\u0105\u017ck\u0119 pt.&nbsp;\u201eDwie matki jednego dziecka. Macierzy\u0144stwo nieheteronormatywne w do\u015bwiadczeniu kobiet wychowuj\u0105cych dzieci pocz\u0119te w [&hellip;]<\/p>\n","protected":false},"author":11,"featured_media":0,"comment_status":"open","ping_status":"open","sticky":false,"template":"","format":"standard","meta":[],"categories":[],"tags":[],"_links":{"self":[{"href":"https:\/\/pts.org.pl\/en\/wp-json\/wp\/v2\/posts\/5369"}],"collection":[{"href":"https:\/\/pts.org.pl\/en\/wp-json\/wp\/v2\/posts"}],"about":[{"href":"https:\/\/pts.org.pl\/en\/wp-json\/wp\/v2\/types\/post"}],"author":[{"embeddable":true,"href":"https:\/\/pts.org.pl\/en\/wp-json\/wp\/v2\/users\/11"}],"replies":[{"embeddable":true,"href":"https:\/\/pts.org.pl\/en\/wp-json\/wp\/v2\/comments?post=5369"}],"version-history":[{"count":1,"href":"https:\/\/pts.org.pl\/en\/wp-json\/wp\/v2\/posts\/5369\/revisions"}],"predecessor-version":[{"id":5370,"href":"https:\/\/pts.org.pl\/en\/wp-json\/wp\/v2\/posts\/5369\/revisions\/5370"}],"wp:attachment":[{"href":"https:\/\/pts.org.pl\/en\/wp-json\/wp\/v2\/media?parent=5369"}],"wp:term":[{"taxonomy":"category","embeddable":true,"href":"https:\/\/pts.org.pl\/en\/wp-json\/wp\/v2\/categories?post=5369"},{"taxonomy":"post_tag","embeddable":true,"href":"https:\/\/pts.org.pl\/en\/wp-json\/wp\/v2\/tags?post=5369"}],"curies":[{"name":"wp","href":"https:\/\/api.w.org\/{rel}","templated":true}]}}