{"id":5367,"date":"2021-06-02T09:02:00","date_gmt":"2021-06-02T09:02:00","guid":{"rendered":"https:\/\/pts.org.pl\/?p=5367"},"modified":"2021-06-07T09:03:57","modified_gmt":"2021-06-07T09:03:57","slug":"melvin-l-kohn-1928-2021","status":"publish","type":"post","link":"https:\/\/pts.org.pl\/en\/melvin-l-kohn-1928-2021\/","title":{"rendered":"Melvin L. Kohn (1928-2021)"},"content":{"rendered":"<div class=\"fcbkbttn_buttons_block\" id=\"fcbkbttn_left\"><div class=\"fcbkbttn_button\">\n                            <a href=\"https:\/\/www.facebook.com\/\" target=\"_blank\">\n                                <img src=\"https:\/\/pts.org.pl\/wp-content\/plugins\/facebook-button-plugin\/images\/standard-facebook-ico.png\" alt=\"Fb-Button\" \/>\n                            <\/a>\n                        <\/div><div class=\"fcbkbttn_like \"><fb:like href=\"https:\/\/pts.org.pl\/en\/melvin-l-kohn-1928-2021\/\" action=\"like\" colorscheme=\"light\" layout=\"button_count\"  size=\"small\"><\/fb:like><\/div><\/div>\n<p>Honorowy cz\u0142onek Polskiego Towarzystwa Socjologicznego&nbsp;&nbsp;<br><\/p>\n\n\n\n<p>W wieku 92 lat odszed\u0142 Mel Kohn, emerytowany profesor socjologii na Johns Hopkins University i by\u0142y szef Laboratory of Environmental Studies w National Institute of Mental Health. W ci\u0105gu siedmiu dekad inicjowa\u0142&nbsp; badania dotycz\u0105ce zwi\u0105zk\u00f3w&nbsp; struktury spo\u0142ecznej i osobowo\u015bci, zar\u00f3wno w warunkach wzgl\u0119dnej stabilizacji spo\u0142eczno-ekonomicznej, jak i w warunkach radykalnych zmian spo\u0142ecznych. Jego badania by\u0142y prowadzone by\u0142y w USA, W\u0142oszech, Polsce, Japonii, Ukrainie i Chinach. W swej karierze by\u0142 przewodnicz\u0105cym American Sociological Association, Eastern Sociological Society, Sociological Research Association, a tak\u017ce cz\u0142onkiem komitetu wykonawczego International Sociological Association. Zosta\u0142 wybrany do American Academy of Arts and Sciences, American Association for the Advancement of Science, oraz Guggenheim Foundation. Otrzyma\u0142 te\u017c wiele presti\u017cowych nagr\u00f3d przyznanych przez organizacje naukowe.<\/p>\n\n\n\n<p>Urodzony w Nowym Jorku, Melvin Kohn ucz\u0119szcza\u0142 Deep Springs Jr. College, a nast\u0119pnie Cornell University, gdzie uko\u0144czy\u0142 psychologi\u0119, a p\u00f3\u017cniej, w 1952 r., obroni\u0142 doktorat z socjologii. Zaraz po uzyskaniu doktoratu przeprowadzi\u0142 prze\u0142omowe badania nad zwi\u0105zkiem mi\u0119dzy klas\u0105 spo\u0142eczn\u0105 a schizofreni\u0105, a jego artyku\u0142 na ten temat uzyska\u0142 status \u201eklasyki cytowa\u0144\u201d. Pierwsza ksi\u0105\u017cka&nbsp;&nbsp;<em>Class and Conformity: A Study of Values<\/em>&nbsp;\u200b\u200b(1969), ukaza\u0142a, jak warunki pracy wp\u0142ywaj\u0105 nie tylko na warto\u015bci rodzicielskie, ale tak\u017ce na praktyki socjalizacyjne dzieci. Dzi\u015b ksi\u0105\u017cka ta w literaturze dotycz\u0105cej struktury spo\u0142ecznej i osobowo\u015bci zajmuje trwa\u0142e miejsce. P\u00f3\u017cniejsze ksi\u0105\u017cki \u2013 w szczeg\u00f3lno\u015bci&nbsp;<em>Work and Personality: An Inquiry into the Impact of Social Stratification<\/em>&nbsp;(z Carmi Schoolerem, 1983) oraz&nbsp;<em>Change and Stability: A Cross-National Analysis of Social Structure and Personality&nbsp;<\/em>(2006), a tak\u017ce artyku\u0142y w&nbsp;<em>American Sociological Review<\/em>&nbsp;i innych presti\u017cowych czasopismach wywo\u0142ywa\u0142y \u017cywe reakcje \u015brodowiska socjologicznego. W 2019 roku Melvin Kohn opublikowa\u0142 swoj\u0105 ostatni\u0105 ksi\u0105\u017ck\u0119&nbsp;<em>The Development of a Theory of Social Structure and Personality<\/em>. Ksi\u0105\u017cka jest teoretyczn\u0105 refleksj\u0105 i intelektualnym wspomnieniem jego \u017cycia badawczego, w kt\u00f3rym mi\u0119dzynarodowa wsp\u00f3\u0142praca naukowa pe\u0142ni\u0142a wa\u017cn\u0105 rol\u0119. Daje przyk\u0142ad, jak powinny wygl\u0105da\u0107 spo\u0142eczne badania naukowe, budowanie teorii socjologicznych i analizy por\u00f3wnawcze.<\/p>\n\n\n\n<p>Melvin Kohn by\u0142 silnie zwi\u0105zany z Polsk\u0105 &#8211; od 1970 roku, gdy podczas \u015awiatowego Kongresu Socjologii w Warnie pozna\u0142 W\u0142odzimierza Weso\u0142owskiego, kt\u00f3ry zaprosi\u0142 go do wsp\u00f3\u0142pracy badawczej.&nbsp; Owocowa\u0142o to ameryka\u0144sko-polskimi badaniami nad struktur\u0105 spo\u0142eczn\u0105 i osobowo\u015bci\u0105 w latach 1978 i 1992. Wszak\u017ce niezale\u017cnie od tych bada\u0144, Melvin Kohn bywa\u0142 w Polsce wielokrotnie prowadz\u0105c intensywne \u017cycie naukowe. W PWN ukaza\u0142o si\u0119 t\u0142umaczenie jego ksi\u0105\u017cki, a Ossolineum wyda\u0142o prac\u0119 z jego wsp\u00f3\u0142atorstwem. W 2008 r. w Polskiej Akademii Nauk odby\u0142o si\u0119 sympozjum zatytu\u0142owane \u201eStruktura spo\u0142eczna i osobowo\u015b\u0107 w warunkach stabilno\u015bci i zmiany: badania Melvina L. Kohna i jego wsp\u00f3\u0142pracownik\u00f3w\u201d z uczestnikami z ca\u0142ego \u015bwiata. Melvin Kohn mia\u0142 w Polsce wielu przyjaci\u00f3\u0142.&nbsp;&nbsp;<\/p>\n\n\n\n<p>(Kazimierz M. S\u0142omczy\u0144ski)<\/p>\n","protected":false},"excerpt":{"rendered":"<p>Honorowy cz\u0142onek Polskiego Towarzystwa Socjologicznego&nbsp;&nbsp; W wieku 92 lat odszed\u0142 Mel Kohn, emerytowany profesor socjologii na Johns Hopkins University i by\u0142y szef Laboratory of Environmental Studies w National Institute of Mental Health. W ci\u0105gu siedmiu dekad inicjowa\u0142&nbsp; badania dotycz\u0105ce zwi\u0105zk\u00f3w&nbsp; struktury spo\u0142ecznej i osobowo\u015bci, zar\u00f3wno w warunkach wzgl\u0119dnej stabilizacji spo\u0142eczno-ekonomicznej, jak i w warunkach radykalnych [&hellip;]<\/p>\n","protected":false},"author":11,"featured_media":0,"comment_status":"open","ping_status":"open","sticky":false,"template":"","format":"standard","meta":[],"categories":[],"tags":[],"_links":{"self":[{"href":"https:\/\/pts.org.pl\/en\/wp-json\/wp\/v2\/posts\/5367"}],"collection":[{"href":"https:\/\/pts.org.pl\/en\/wp-json\/wp\/v2\/posts"}],"about":[{"href":"https:\/\/pts.org.pl\/en\/wp-json\/wp\/v2\/types\/post"}],"author":[{"embeddable":true,"href":"https:\/\/pts.org.pl\/en\/wp-json\/wp\/v2\/users\/11"}],"replies":[{"embeddable":true,"href":"https:\/\/pts.org.pl\/en\/wp-json\/wp\/v2\/comments?post=5367"}],"version-history":[{"count":1,"href":"https:\/\/pts.org.pl\/en\/wp-json\/wp\/v2\/posts\/5367\/revisions"}],"predecessor-version":[{"id":5368,"href":"https:\/\/pts.org.pl\/en\/wp-json\/wp\/v2\/posts\/5367\/revisions\/5368"}],"wp:attachment":[{"href":"https:\/\/pts.org.pl\/en\/wp-json\/wp\/v2\/media?parent=5367"}],"wp:term":[{"taxonomy":"category","embeddable":true,"href":"https:\/\/pts.org.pl\/en\/wp-json\/wp\/v2\/categories?post=5367"},{"taxonomy":"post_tag","embeddable":true,"href":"https:\/\/pts.org.pl\/en\/wp-json\/wp\/v2\/tags?post=5367"}],"curies":[{"name":"wp","href":"https:\/\/api.w.org\/{rel}","templated":true}]}}