{"id":5346,"date":"2021-05-14T10:26:00","date_gmt":"2021-05-14T10:26:00","guid":{"rendered":"https:\/\/pts.org.pl\/?p=5346"},"modified":"2021-05-29T10:34:09","modified_gmt":"2021-05-29T10:34:09","slug":"konferencja-wspolczesne-problemy-spoleczne-w-dynamicznej-rzeczywistosci","status":"publish","type":"post","link":"https:\/\/pts.org.pl\/en\/konferencja-wspolczesne-problemy-spoleczne-w-dynamicznej-rzeczywistosci\/","title":{"rendered":"Konferencja: Wsp\u00f3\u0142czesne problemy spo\u0142eczne w dynamicznej rzeczywisto\u015bci"},"content":{"rendered":"<div class=\"fcbkbttn_buttons_block\" id=\"fcbkbttn_left\"><div class=\"fcbkbttn_button\">\n                            <a href=\"https:\/\/www.facebook.com\/\" target=\"_blank\">\n                                <img src=\"https:\/\/pts.org.pl\/wp-content\/plugins\/facebook-button-plugin\/images\/standard-facebook-ico.png\" alt=\"Fb-Button\" \/>\n                            <\/a>\n                        <\/div><div class=\"fcbkbttn_like \"><fb:like href=\"https:\/\/pts.org.pl\/en\/konferencja-wspolczesne-problemy-spoleczne-w-dynamicznej-rzeczywistosci\/\" action=\"like\" colorscheme=\"light\" layout=\"button_count\"  size=\"small\"><\/fb:like><\/div><\/div>\n<p>Uprzejmie przypominamy o naszym zaproszeniu do udzia\u0142u w konferencji naukowej&nbsp;<strong><em>Wsp\u00f3\u0142czesne problemy spo\u0142eczne w dynamicznej rzeczywisto\u015bci<\/em><\/strong>, kt\u00f3ra odb\u0119dzie si\u0119 na<strong>&nbsp;Wydziale Ekonomiczno-Socjologicznym Uniwersytetu \u0141\u00f3dzkiego&nbsp;<\/strong>w dniach<strong>&nbsp;18-19 pa\u017adziernika 2021 roku<\/strong>.<\/p>\n\n\n\n<p>Konferencja jest organizowana przez Katedr\u0119 Socjologii Stosowanej i Pracy Socjalnej Uniwersytetu \u0141\u00f3dzkiego z okazji&nbsp;<strong>jubileuszu 45-lecia pracy naukowej i dydaktycznej Profesor Jolanty Grotowskiej-Leder<\/strong>.<\/p>\n\n\n\n<p>Szczeg\u00f3\u0142owe informacje o konferencji, jej tematyce oraz ramowym programie znajd\u0105 Pa\u0144stwo w za\u0142\u0105czonym dokumencie. &nbsp;<\/p>\n\n\n\n<p>W przypadku jakichkolwiek pyta\u0144 uprzejmie prosimy o kontakt mailowy:\u00a0<a rel=\"noreferrer noopener\" href=\"mailto:andrzej.kacprzak@uni.lodz.pl\" target=\"_blank\">andrzej.kacprzak@uni.lodz.pl<\/a>\u00a0lub\u00a0<a rel=\"noreferrer noopener\" href=\"mailto:piotr.szukalski@uni.lodz.pl\" target=\"_blank\">piotr.szukalski@uni.lodz.pl<\/a>\u00a0<\/p>\n\n\n\n<div class=\"wp-block-file\"><a href=\"https:\/\/pts.org.pl\/wp-content\/uploads\/2021\/05\/Konferencja-Wspolczesne-problemy-spoleczne-pazdziernik-2021-2nd-CALL-1.pdf\">Konferencja Wsp\u00f3\u0142czesne problemy spo\u0142eczne (pa\u017adziernik 2021) &#8211; 2nd CALL (1)<\/a><a href=\"https:\/\/pts.org.pl\/wp-content\/uploads\/2021\/05\/Konferencja-Wspolczesne-problemy-spoleczne-pazdziernik-2021-2nd-CALL-1.pdf\" class=\"wp-block-file__button\" download>Pobierz<\/a><\/div>\n\n\n\n<p><\/p>\n","protected":false},"excerpt":{"rendered":"<p>Uprzejmie przypominamy o naszym zaproszeniu do udzia\u0142u w konferencji naukowej&nbsp;Wsp\u00f3\u0142czesne problemy spo\u0142eczne w dynamicznej rzeczywisto\u015bci, kt\u00f3ra odb\u0119dzie si\u0119 na&nbsp;Wydziale Ekonomiczno-Socjologicznym Uniwersytetu \u0141\u00f3dzkiego&nbsp;w dniach&nbsp;18-19 pa\u017adziernika 2021 roku. Konferencja jest organizowana przez Katedr\u0119 Socjologii Stosowanej i Pracy Socjalnej Uniwersytetu \u0141\u00f3dzkiego z okazji&nbsp;jubileuszu 45-lecia pracy naukowej i dydaktycznej Profesor Jolanty Grotowskiej-Leder. Szczeg\u00f3\u0142owe informacje o konferencji, jej tematyce oraz [&hellip;]<\/p>\n","protected":false},"author":11,"featured_media":0,"comment_status":"open","ping_status":"open","sticky":false,"template":"","format":"standard","meta":[],"categories":[],"tags":[],"_links":{"self":[{"href":"https:\/\/pts.org.pl\/en\/wp-json\/wp\/v2\/posts\/5346"}],"collection":[{"href":"https:\/\/pts.org.pl\/en\/wp-json\/wp\/v2\/posts"}],"about":[{"href":"https:\/\/pts.org.pl\/en\/wp-json\/wp\/v2\/types\/post"}],"author":[{"embeddable":true,"href":"https:\/\/pts.org.pl\/en\/wp-json\/wp\/v2\/users\/11"}],"replies":[{"embeddable":true,"href":"https:\/\/pts.org.pl\/en\/wp-json\/wp\/v2\/comments?post=5346"}],"version-history":[{"count":1,"href":"https:\/\/pts.org.pl\/en\/wp-json\/wp\/v2\/posts\/5346\/revisions"}],"predecessor-version":[{"id":5348,"href":"https:\/\/pts.org.pl\/en\/wp-json\/wp\/v2\/posts\/5346\/revisions\/5348"}],"wp:attachment":[{"href":"https:\/\/pts.org.pl\/en\/wp-json\/wp\/v2\/media?parent=5346"}],"wp:term":[{"taxonomy":"category","embeddable":true,"href":"https:\/\/pts.org.pl\/en\/wp-json\/wp\/v2\/categories?post=5346"},{"taxonomy":"post_tag","embeddable":true,"href":"https:\/\/pts.org.pl\/en\/wp-json\/wp\/v2\/tags?post=5346"}],"curies":[{"name":"wp","href":"https:\/\/api.w.org\/{rel}","templated":true}]}}