{"id":5343,"date":"2021-05-24T10:20:00","date_gmt":"2021-05-24T10:20:00","guid":{"rendered":"https:\/\/pts.org.pl\/?p=5343"},"modified":"2021-05-29T10:24:30","modified_gmt":"2021-05-29T10:24:30","slug":"spotkanie-konstytucja-to-dla-mnie-wersy-modlitwy-nie-oddam-jej-na-pastwe-dissujacej-sitwy","status":"publish","type":"post","link":"https:\/\/pts.org.pl\/en\/spotkanie-konstytucja-to-dla-mnie-wersy-modlitwy-nie-oddam-jej-na-pastwe-dissujacej-sitwy\/","title":{"rendered":"Spotkanie: Konstytucja to dla mnie wersy modlitwy, nie oddam jej na pastw\u0119 dissuj\u0105cej sitwy"},"content":{"rendered":"<div class=\"fcbkbttn_buttons_block\" id=\"fcbkbttn_left\"><div class=\"fcbkbttn_button\">\n                            <a href=\"https:\/\/www.facebook.com\/\" target=\"_blank\">\n                                <img src=\"https:\/\/pts.org.pl\/wp-content\/plugins\/facebook-button-plugin\/images\/standard-facebook-ico.png\" alt=\"Fb-Button\" \/>\n                            <\/a>\n                        <\/div><div class=\"fcbkbttn_like \"><fb:like href=\"https:\/\/pts.org.pl\/en\/spotkanie-konstytucja-to-dla-mnie-wersy-modlitwy-nie-oddam-jej-na-pastwe-dissujacej-sitwy\/\" action=\"like\" colorscheme=\"light\" layout=\"button_count\"  size=\"small\"><\/fb:like><\/div><\/div>\n<p>W imieniu Zarz\u0105du OK PTS oraz Instytutu Socjologii UJ mam przyjemno\u015b\u0107 zaprosi\u0107 Pa\u0144stwa na spotkanie zatytu\u0142owane<em>&nbsp;Konstytucja to dla mnie wersy modlitwy, nie oddam jej na pastw\u0119 dissuj\u0105cej sitwy<\/em>.<\/p>\n\n\n\n<p>Profeso<strong>r<\/strong>&nbsp;<strong>&nbsp;Adam Bodnar,&nbsp;<\/strong>Rzecznik Praw Obywatelskich VII kadencji opowie o Polsce, Konstytucji, autorytaryzmie w\u0142adzy i obywatelsko\u015bci.<\/p>\n\n\n\n<p>Spotkanie<strong>\u00a0<\/strong>odb\u0119dzie si\u0119<strong>\u00a02 czerwca 2021 r. (\u015broda) o godzinie 18:00\u00a0<\/strong>na platformie MS Teams<strong>\u00a0(link do wydarzenia\u00a0<\/strong><a rel=\"noreferrer noopener\" href=\"https:\/\/bit.ly\/3f6bZtH\" target=\"_blank\"><strong>https:\/\/bit.ly\/3f6bZtH<\/strong><\/a><strong>),\u00a0<\/strong>a poprowadzi je\u00a0profesor<strong>\u00a0Ma\u0142gorzata Michel<\/strong>\u00a0z Instytutu Pedagogiki UJ.<\/p>\n\n\n\n<div class=\"wp-block-file\"><a href=\"https:\/\/pts.org.pl\/wp-content\/uploads\/2021\/05\/Spotkanie-z-Adamem-Bodnarem-OK-PTS-2.06.2021-Zaproszenie.pdf\">Spotkanie z Adamem Bodnarem OK PTS 2.06.2021 Zaproszenie<\/a><a href=\"https:\/\/pts.org.pl\/wp-content\/uploads\/2021\/05\/Spotkanie-z-Adamem-Bodnarem-OK-PTS-2.06.2021-Zaproszenie.pdf\" class=\"wp-block-file__button\" download>Pobierz<\/a><\/div>\n\n\n\n<p><\/p>\n","protected":false},"excerpt":{"rendered":"<p>W imieniu Zarz\u0105du OK PTS oraz Instytutu Socjologii UJ mam przyjemno\u015b\u0107 zaprosi\u0107 Pa\u0144stwa na spotkanie zatytu\u0142owane&nbsp;Konstytucja to dla mnie wersy modlitwy, nie oddam jej na pastw\u0119 dissuj\u0105cej sitwy. Profesor&nbsp;&nbsp;Adam Bodnar,&nbsp;Rzecznik Praw Obywatelskich VII kadencji opowie o Polsce, Konstytucji, autorytaryzmie w\u0142adzy i obywatelsko\u015bci. Spotkanie\u00a0odb\u0119dzie si\u0119\u00a02 czerwca 2021 r. (\u015broda) o godzinie 18:00\u00a0na platformie MS Teams\u00a0(link do [&hellip;]<\/p>\n","protected":false},"author":11,"featured_media":0,"comment_status":"open","ping_status":"open","sticky":false,"template":"","format":"standard","meta":[],"categories":[],"tags":[],"_links":{"self":[{"href":"https:\/\/pts.org.pl\/en\/wp-json\/wp\/v2\/posts\/5343"}],"collection":[{"href":"https:\/\/pts.org.pl\/en\/wp-json\/wp\/v2\/posts"}],"about":[{"href":"https:\/\/pts.org.pl\/en\/wp-json\/wp\/v2\/types\/post"}],"author":[{"embeddable":true,"href":"https:\/\/pts.org.pl\/en\/wp-json\/wp\/v2\/users\/11"}],"replies":[{"embeddable":true,"href":"https:\/\/pts.org.pl\/en\/wp-json\/wp\/v2\/comments?post=5343"}],"version-history":[{"count":1,"href":"https:\/\/pts.org.pl\/en\/wp-json\/wp\/v2\/posts\/5343\/revisions"}],"predecessor-version":[{"id":5345,"href":"https:\/\/pts.org.pl\/en\/wp-json\/wp\/v2\/posts\/5343\/revisions\/5345"}],"wp:attachment":[{"href":"https:\/\/pts.org.pl\/en\/wp-json\/wp\/v2\/media?parent=5343"}],"wp:term":[{"taxonomy":"category","embeddable":true,"href":"https:\/\/pts.org.pl\/en\/wp-json\/wp\/v2\/categories?post=5343"},{"taxonomy":"post_tag","embeddable":true,"href":"https:\/\/pts.org.pl\/en\/wp-json\/wp\/v2\/tags?post=5343"}],"curies":[{"name":"wp","href":"https:\/\/api.w.org\/{rel}","templated":true}]}}