{"id":5331,"date":"2021-05-24T13:55:30","date_gmt":"2021-05-24T13:55:30","guid":{"rendered":"https:\/\/pts.org.pl\/?p=5331"},"modified":"2021-05-24T13:55:32","modified_gmt":"2021-05-24T13:55:32","slug":"stanowisko-zarzadu-glownego-pts-wobec-ostatnich-wydarzen-na-uniwersytecie-pedagogicznym","status":"publish","type":"post","link":"https:\/\/pts.org.pl\/en\/stanowisko-zarzadu-glownego-pts-wobec-ostatnich-wydarzen-na-uniwersytecie-pedagogicznym\/","title":{"rendered":"Stanowisko Zarz\u0105du G\u0142\u00f3wnego PTS wobec ostatnich wydarze\u0144 na Uniwersytecie Pedagogicznym"},"content":{"rendered":"<div class=\"fcbkbttn_buttons_block\" id=\"fcbkbttn_left\"><div class=\"fcbkbttn_button\">\n                            <a href=\"https:\/\/www.facebook.com\/\" target=\"_blank\">\n                                <img src=\"https:\/\/pts.org.pl\/wp-content\/plugins\/facebook-button-plugin\/images\/standard-facebook-ico.png\" alt=\"Fb-Button\" \/>\n                            <\/a>\n                        <\/div><div class=\"fcbkbttn_like \"><fb:like href=\"https:\/\/pts.org.pl\/en\/stanowisko-zarzadu-glownego-pts-wobec-ostatnich-wydarzen-na-uniwersytecie-pedagogicznym\/\" action=\"like\" colorscheme=\"light\" layout=\"button_count\"  size=\"small\"><\/fb:like><\/div><\/div>\n<p>Zarz\u0105d G\u0142\u00f3wny Polskiego Towarzystwa Socjologicznego z niepokojem przyjmuje informacje o planowanych przez w\u0142adze Uniwersytetu Pedagogicznego zwolnieniach w Instytucie Filozofii i Socjologii. Trudna sytuacja finansowa uczelni nie mo\u017ce by\u0107 pretekstem do przedwczesnego zwalniania uczonych. Podejmowane w ostatnim czasie decyzje destrukcyjnie wp\u0142yn\u0105 na prac\u0119 znacz\u0105cego i cenionego w kraju o\u015brodka bada\u0144 filozoficznych i socjologicznych. Apelujemy o podj\u0119cie dialogu z pracownikami Instytutu Filozofii i Socjologii UP.<\/p>\n\n\n\n<p>W imieniu Zarz\u0105du&nbsp;G\u0142\u00f3wnego Polskiego Towarzystwa Socjologicznego<\/p>\n\n\n\n<p>Przewodnicz\u0105cy PTS &#8211; Krzysztof T. Konecki<\/p>\n\n\n\n<div class=\"wp-block-file\"><a href=\"https:\/\/pts.org.pl\/wp-content\/uploads\/2021\/05\/stanowisko.doc\">stanowisko<\/a><a href=\"https:\/\/pts.org.pl\/wp-content\/uploads\/2021\/05\/stanowisko.doc\" class=\"wp-block-file__button\" download>Pobierz<\/a><\/div>\n\n\n\n<p><\/p>\n","protected":false},"excerpt":{"rendered":"<p>Zarz\u0105d G\u0142\u00f3wny Polskiego Towarzystwa Socjologicznego z niepokojem przyjmuje informacje o planowanych przez w\u0142adze Uniwersytetu Pedagogicznego zwolnieniach w Instytucie Filozofii i Socjologii. Trudna sytuacja finansowa uczelni nie mo\u017ce by\u0107 pretekstem do przedwczesnego zwalniania uczonych. Podejmowane w ostatnim czasie decyzje destrukcyjnie wp\u0142yn\u0105 na prac\u0119 znacz\u0105cego i cenionego w kraju o\u015brodka bada\u0144 filozoficznych i socjologicznych. Apelujemy o podj\u0119cie [&hellip;]<\/p>\n","protected":false},"author":11,"featured_media":0,"comment_status":"open","ping_status":"open","sticky":false,"template":"","format":"standard","meta":[],"categories":[],"tags":[],"_links":{"self":[{"href":"https:\/\/pts.org.pl\/en\/wp-json\/wp\/v2\/posts\/5331"}],"collection":[{"href":"https:\/\/pts.org.pl\/en\/wp-json\/wp\/v2\/posts"}],"about":[{"href":"https:\/\/pts.org.pl\/en\/wp-json\/wp\/v2\/types\/post"}],"author":[{"embeddable":true,"href":"https:\/\/pts.org.pl\/en\/wp-json\/wp\/v2\/users\/11"}],"replies":[{"embeddable":true,"href":"https:\/\/pts.org.pl\/en\/wp-json\/wp\/v2\/comments?post=5331"}],"version-history":[{"count":1,"href":"https:\/\/pts.org.pl\/en\/wp-json\/wp\/v2\/posts\/5331\/revisions"}],"predecessor-version":[{"id":5333,"href":"https:\/\/pts.org.pl\/en\/wp-json\/wp\/v2\/posts\/5331\/revisions\/5333"}],"wp:attachment":[{"href":"https:\/\/pts.org.pl\/en\/wp-json\/wp\/v2\/media?parent=5331"}],"wp:term":[{"taxonomy":"category","embeddable":true,"href":"https:\/\/pts.org.pl\/en\/wp-json\/wp\/v2\/categories?post=5331"},{"taxonomy":"post_tag","embeddable":true,"href":"https:\/\/pts.org.pl\/en\/wp-json\/wp\/v2\/tags?post=5331"}],"curies":[{"name":"wp","href":"https:\/\/api.w.org\/{rel}","templated":true}]}}