{"id":5309,"date":"2021-05-12T09:25:00","date_gmt":"2021-05-12T09:25:00","guid":{"rendered":"https:\/\/pts.org.pl\/?p=5309"},"modified":"2021-05-19T09:29:20","modified_gmt":"2021-05-19T09:29:20","slug":"seminarium-znanieccy-i-ich-nieznana-nowojorska-korespondencja","status":"publish","type":"post","link":"https:\/\/pts.org.pl\/en\/seminarium-znanieccy-i-ich-nieznana-nowojorska-korespondencja\/","title":{"rendered":"Seminarium: Znanieccy i ich nieznana nowojorska korespondencja"},"content":{"rendered":"<div class=\"fcbkbttn_buttons_block\" id=\"fcbkbttn_left\"><div class=\"fcbkbttn_button\">\n                            <a href=\"https:\/\/www.facebook.com\/\" target=\"_blank\">\n                                <img src=\"https:\/\/pts.org.pl\/wp-content\/plugins\/facebook-button-plugin\/images\/standard-facebook-ico.png\" alt=\"Fb-Button\" \/>\n                            <\/a>\n                        <\/div><div class=\"fcbkbttn_like \"><fb:like href=\"https:\/\/pts.org.pl\/en\/seminarium-znanieccy-i-ich-nieznana-nowojorska-korespondencja\/\" action=\"like\" colorscheme=\"light\" layout=\"button_count\"  size=\"small\"><\/fb:like><\/div><\/div>\n<p>Szanowni Pa\u0144stwo,<\/p>\n\n\n\n<p>zapraszamy do udzia\u0142u w seminarium pt.\u00a0<strong>\u201eZnanieccy i ich nieznana nowojorska korespondencja\u201d<\/strong>.<\/p>\n\n\n\n<p>Badania zaprezentuje:<strong>\u00a0prof. UJ dr hab. Tomasz Pud\u0142ocki<\/strong>\u00a0(Instytut Historii UJ). <\/p>\n\n\n\n<p>Udzia\u0142 we\u017amie:<strong>\u00a0dr Jacek Kubera<\/strong>\u00a0(Wydzia\u0142 Socjologii UAM). <\/p>\n\n\n\n<p>Prowadzenie:<strong>\u00a0dr \u0141ukasz Skoczylas<\/strong>\u00a0(Wydzia\u0142 Socjologii UAM).<\/p>\n\n\n\n<p>Wydarzenie odb\u0119dzie si\u0119 online\u00a0<strong>17 maja 2021 r.<\/strong>\u00a0(poniedzia\u0142ek) o godz.\u00a0<strong>18:00<\/strong>.<\/p>\n\n\n\n<p>Link do spotkania:<br><a rel=\"noreferrer noopener\" href=\"https:\/\/teams.microsoft.com\/l\/meetup-join\/19%3af697da9568774079a9dfabf78e11f994%40thread.tacv2\/1620510331885?context=%7b%22Tid%22%3a%2273689ee1-b42f-4e25-a5f6-66d1f29bc092%22%2c%22Oid%22%3a%2248643ca4-ce63-4cb0-990c-bdeaea3439ea%22%7d\" target=\"_blank\">https:\/\/teams.microsoft.com\/l\/meetup-join\/19%3af697da9568774079a9dfabf78e11f994%40thread.tacv2\/1620510331885?context=%7b%22Tid%22%3a%2273689ee1-b42f-4e25-a5f6-66d1f29bc092%22%2c%22Oid%22%3a%2248643ca4-ce63-4cb0-990c-bdeaea3439ea%22%7d<\/a><\/p>\n\n\n\n<p>Informacja na Facebooku:<br><a rel=\"noreferrer noopener\" href=\"https:\/\/www.facebook.com\/events\/950112775760079\/\" target=\"_blank\">https:\/\/www.facebook.com\/events\/950112775760079\/<\/a><\/p>\n\n\n\n<p>W czasie swojego wyst\u0105pienia prof. UJ dr hab. Tomasz Pud\u0142ocki przedstawi korespondencj\u0119 Eileen i Floriana Znanieckich, znajduj\u0105c\u0105 si\u0119 w Archiwum Fundacji Ko\u015bciuszkowskiej w Nowym Jorku. Pokazuje ona wiele nieznanych w\u0105tk\u00f3w z \u017cycia Znanieckich, a zw\u0142aszcza Floriana.<\/p>\n\n\n\n<p><img loading=\"lazy\" width=\"400\" height=\"300\" src=\"blob:https:\/\/pts.org.pl\/fcf210fc-2587-4d13-bacf-3d33f651f8c6\" alt=\"cid:1620722067609a4193d5a1c824430847@amu.edu.pl\"><br>\u00a9 William Warby, https:\/\/flic.kr\/p\/4p41KD<\/p>\n\n\n\n<p>Wydarzenie odb\u0119dzie si\u0119 w ramach cyklu seminari\u00f3w, kt\u00f3rych celem jest upowszechnienie wynik\u00f3w wsp\u00f3\u0142cze\u015bnie prowadzonych bada\u0144. Chcemy uchwyci\u0107 r\u00f3\u017cnorodno\u015b\u0107 \u017cycia spo\u0142ecznego i przywraca\u0107 pami\u0119\u0107 o naszym patronie, Florianie Znanieckim.Spotkania s\u0105 organizowane w stulecie za\u0142o\u017cenia w Poznaniu Instytutu Socjologicznego, funkcjonuj\u0105cego od 1928 r. jako Polski Instytut Socjologiczny. By\u0142 on og\u00f3lnokrajow\u0105, posiadaj\u0105c\u0105 oddzia\u0142y w innych miastach, organizacj\u0105 naukow\u0105, kt\u00f3ra prowadzi\u0142a dzia\u0142alno\u015b\u0107 badawcz\u0105, organizacyjn\u0105 i wsp\u00f3\u0142pracowa\u0142a z podobnymi plac\u00f3wkami na \u015bwiecie. Jej zas\u0142ug\u0105 by\u0142a integracja socjologicznie zorientowanych badaczy i badaczek z r\u00f3\u017cnych o\u015brodk\u00f3w naukowych w Polsce, o r\u00f3\u017cnych tradycjach i paradygmatach, co odzwierciedla\u0142y m.in. publikowane przez Instytut monografie, a tak\u017ce artyku\u0142y zamieszczane w jego \u201ePrzegl\u0105dzie Socjologicznym\u201d.<\/p>\n\n\n\n<p>Do udzia\u0142u w seminariach, organizowanych w duchu idei promowanych przez Polski Instytut Socjologiczny, zapraszaj\u0105\u00a0<strong>Fundacja Naukowa im. Floriana Znanieckiego<\/strong>,\u00a0<strong>Wydzia\u0142 Socjologii Uniwersytetu im. Adama Mickiewicza<\/strong>,\u00a0<strong>Polskie Towarzystwo Socjologiczne (Oddzia\u0142 Pozna\u0144ski)\u00a0<\/strong>oraz\u00a0<strong>Pozna\u0144skie Towarzystwo Przyjaci\u00f3\u0142 Nauk<\/strong>.<\/p>\n\n\n\n<p>Pozdrawiamy i zapraszamy!<br>Organizatorzy<\/p>\n\n\n\n<div class=\"wp-block-file\"><a href=\"https:\/\/pts.org.pl\/wp-content\/uploads\/2021\/05\/Plakat_Znanieccy-i-ich-nieznana-nowojorska-korespondencja.pdf\">Plakat_Znanieccy i ich nieznana nowojorska korespondencja<\/a><a href=\"https:\/\/pts.org.pl\/wp-content\/uploads\/2021\/05\/Plakat_Znanieccy-i-ich-nieznana-nowojorska-korespondencja.pdf\" class=\"wp-block-file__button\" download>Pobierz<\/a><\/div>\n\n\n\n<p><\/p>\n","protected":false},"excerpt":{"rendered":"<p>Szanowni Pa\u0144stwo, zapraszamy do udzia\u0142u w seminarium pt.\u00a0\u201eZnanieccy i ich nieznana nowojorska korespondencja\u201d. Badania zaprezentuje:\u00a0prof. UJ dr hab. Tomasz Pud\u0142ocki\u00a0(Instytut Historii UJ). Udzia\u0142 we\u017amie:\u00a0dr Jacek Kubera\u00a0(Wydzia\u0142 Socjologii UAM). Prowadzenie:\u00a0dr \u0141ukasz Skoczylas\u00a0(Wydzia\u0142 Socjologii UAM). Wydarzenie odb\u0119dzie si\u0119 online\u00a017 maja 2021 r.\u00a0(poniedzia\u0142ek) o godz.\u00a018:00. Link do spotkania:https:\/\/teams.microsoft.com\/l\/meetup-join\/19%3af697da9568774079a9dfabf78e11f994%40thread.tacv2\/1620510331885?context=%7b%22Tid%22%3a%2273689ee1-b42f-4e25-a5f6-66d1f29bc092%22%2c%22Oid%22%3a%2248643ca4-ce63-4cb0-990c-bdeaea3439ea%22%7d Informacja na Facebooku:https:\/\/www.facebook.com\/events\/950112775760079\/ W czasie swojego wyst\u0105pienia prof. UJ dr [&hellip;]<\/p>\n","protected":false},"author":11,"featured_media":0,"comment_status":"open","ping_status":"open","sticky":false,"template":"","format":"standard","meta":[],"categories":[],"tags":[],"_links":{"self":[{"href":"https:\/\/pts.org.pl\/en\/wp-json\/wp\/v2\/posts\/5309"}],"collection":[{"href":"https:\/\/pts.org.pl\/en\/wp-json\/wp\/v2\/posts"}],"about":[{"href":"https:\/\/pts.org.pl\/en\/wp-json\/wp\/v2\/types\/post"}],"author":[{"embeddable":true,"href":"https:\/\/pts.org.pl\/en\/wp-json\/wp\/v2\/users\/11"}],"replies":[{"embeddable":true,"href":"https:\/\/pts.org.pl\/en\/wp-json\/wp\/v2\/comments?post=5309"}],"version-history":[{"count":1,"href":"https:\/\/pts.org.pl\/en\/wp-json\/wp\/v2\/posts\/5309\/revisions"}],"predecessor-version":[{"id":5311,"href":"https:\/\/pts.org.pl\/en\/wp-json\/wp\/v2\/posts\/5309\/revisions\/5311"}],"wp:attachment":[{"href":"https:\/\/pts.org.pl\/en\/wp-json\/wp\/v2\/media?parent=5309"}],"wp:term":[{"taxonomy":"category","embeddable":true,"href":"https:\/\/pts.org.pl\/en\/wp-json\/wp\/v2\/categories?post=5309"},{"taxonomy":"post_tag","embeddable":true,"href":"https:\/\/pts.org.pl\/en\/wp-json\/wp\/v2\/tags?post=5309"}],"curies":[{"name":"wp","href":"https:\/\/api.w.org\/{rel}","templated":true}]}}