{"id":5295,"date":"2021-05-01T13:19:00","date_gmt":"2021-05-01T13:19:00","guid":{"rendered":"https:\/\/pts.org.pl\/?p=5295"},"modified":"2021-05-10T14:19:25","modified_gmt":"2021-05-10T14:19:25","slug":"zmarl-profesor-jerzy-kaczmarek","status":"publish","type":"post","link":"https:\/\/pts.org.pl\/en\/zmarl-profesor-jerzy-kaczmarek\/","title":{"rendered":"Zmar\u0142 Profesor Jerzy Kaczmarek"},"content":{"rendered":"<div class=\"fcbkbttn_buttons_block\" id=\"fcbkbttn_left\"><div class=\"fcbkbttn_button\">\n                            <a href=\"https:\/\/www.facebook.com\/\" target=\"_blank\">\n                                <img src=\"https:\/\/pts.org.pl\/wp-content\/plugins\/facebook-button-plugin\/images\/standard-facebook-ico.png\" alt=\"Fb-Button\" \/>\n                            <\/a>\n                        <\/div><div class=\"fcbkbttn_like \"><fb:like href=\"https:\/\/pts.org.pl\/en\/zmarl-profesor-jerzy-kaczmarek\/\" action=\"like\" colorscheme=\"light\" layout=\"button_count\"  size=\"small\"><\/fb:like><\/div><\/div>\n<p>Profesor Jerzy Kaczmarek, zwi\u0105zany by\u0142 przez ca\u0142e zawodowe \u017cycie z pozna\u0144skim \u015brodowiskiem socjologicznym, urodzi\u0142 si\u0119 w 1964 roku. Uko\u0144czy\u0142 socjologi\u0119 na UAM na pocz\u0105tku lat 90. XX wieku. Swoj\u0105 karier\u0119 akademick\u0105 rozpocz\u0105\u0142 w 1994 roku, kiedy to zatrudniony zosta\u0142 w&nbsp;jako asystent w Instytucie Socjologii UAM. W 2000 roku obroni\u0142 rozpraw\u0119 doktorsk\u0105, zatytu\u0142owan\u0105&nbsp;<em>Utopie spo\u0142eczne w&nbsp;sztukach plastycznych na przyk\u0142adzie artystyczno-spo\u0142ecznej koncepcji Josepha Beuysa,<\/em>&nbsp;napisan\u0105 pod kierunkiem profesora Jana W\u0142odarka.&nbsp;W 2015 roku habilitowa\u0142 si\u0119 i uzyska\u0142 stanowisko profesorskie na UAM.<\/p>\n\n\n\n<p>Aktywnie rozwija\u0142 relacje z mi\u0119dzynarodowym, g\u0142\u00f3wnie niemieckim \u015brodowiskiem socjologicznym: by\u0142 m.in.&nbsp; stypendyst\u0105&nbsp;Deutscher Akademischer Austauschdienst&nbsp;w&nbsp;Mannheim,&nbsp;Bielefeld&nbsp;i&nbsp;Erkner. Nawi\u0105zywa\u0142 tam nie tylko kontakty naukowe.<\/p>\n\n\n\n<p>Specjalizowa\u0142 si\u0119 w socjologii sztuki, rozwija\u0142 refleksj\u0119 teoretyczna w zakresie socjologii filmu i szerzej socjologii wizualnej. Za\u0142o\u017cy\u0142 m.in. Pracowni\u0119 Socjologii Wizualnej przy Instytucie Socjologii UAM, tworz\u0105c tym samym podstawy instytucjonalizacji dla socjologii wizualnej w Poznaniu i w Polsce. Jerzy Kaczmarek by\u0142 te\u017c wysokiej klasy specjalist\u0105 w zakresie socjologii klasycznej (ze szczeg\u00f3lnym uwzgl\u0119dnieniem dorobku niemieckich ojc\u00f3w-za\u0142o\u017cycieli nowoczesnej socjologii), rozwija\u0142 socjologi\u0119 pogranicza, anga\u017cowa\u0142 si\u0119 w dzia\u0142ania upowszechniaj\u0105ce tradycj\u0119 kulturalizmu Floriana Znanieckiego. Opublikowa\u0142 wiele prac, m.in. tych wydawanych nak\u0142adem&nbsp;Wydawnictwa Naukowego UAM:&nbsp;<em>Joseph Beuys. Od sztuki do spo\u0142ecznej utopii<\/em>&nbsp;(2000),&nbsp;<em>Gubin i Guben \u2013 miasta na pograniczu. Socjologiczne studium s\u0105siedztwa<\/em>&nbsp;(2011) oraz&nbsp;<em>Zobaczy\u0107 spo\u0142ecze\u0144stwo. Film i wideo w badaniach socjologicznych<\/em>&nbsp;(2014). Redagowa\u0142 mi\u0119dzy innymi nast\u0119puj\u0105ce zbiory:&nbsp;<em>Kadrowanie rzeczywisto\u015bci. Szkice z socjologii wizualnej<\/em>&nbsp;(2004),&nbsp;<em>Do zobaczenia. Socjologia wizualna w praktyce badawczej<\/em>&nbsp;(2008). By\u0142 te\u017c przez pewien czas kierownikiem Zak\u0142adu Socjologii Zr\u00f3\u017cnicowania Spo\u0142ecznego. Charakteryzowa\u0142a go wyrozumia\u0142o\u015b\u0107, otwarto\u015b\u0107 na pomys\u0142y i debat\u0119. Przewodniczy\u0142 realizowanym i planowanym projektom badawczym we wsp\u00f3\u0142pracy z o\u015brodkiem badawczym w Erkner pod Berlinem. Organizowa\u0142 szko\u0142y letnie we wsp\u00f3\u0142pracy z Uniwersytetem w Bayreuth. Wreszcie, by\u0142 recenzentem licznych czasopism.<\/p>\n\n\n\n<p>Zmar\u0142 na raka 7 kwietnia 2021 roku, pozostawiaj\u0105c w zadumie grono przyjaci\u00f3\u0142 i wsp\u00f3\u0142pracownik\u00f3w.<\/p>\n","protected":false},"excerpt":{"rendered":"<p>Profesor Jerzy Kaczmarek, zwi\u0105zany by\u0142 przez ca\u0142e zawodowe \u017cycie z pozna\u0144skim \u015brodowiskiem socjologicznym, urodzi\u0142 si\u0119 w 1964 roku. Uko\u0144czy\u0142 socjologi\u0119 na UAM na pocz\u0105tku lat 90. XX wieku. Swoj\u0105 karier\u0119 akademick\u0105 rozpocz\u0105\u0142 w 1994 roku, kiedy to zatrudniony zosta\u0142 w&nbsp;jako asystent w Instytucie Socjologii UAM. W 2000 roku obroni\u0142 rozpraw\u0119 doktorsk\u0105, zatytu\u0142owan\u0105&nbsp;Utopie spo\u0142eczne w&nbsp;sztukach plastycznych [&hellip;]<\/p>\n","protected":false},"author":11,"featured_media":0,"comment_status":"open","ping_status":"open","sticky":false,"template":"","format":"standard","meta":[],"categories":[],"tags":[],"_links":{"self":[{"href":"https:\/\/pts.org.pl\/en\/wp-json\/wp\/v2\/posts\/5295"}],"collection":[{"href":"https:\/\/pts.org.pl\/en\/wp-json\/wp\/v2\/posts"}],"about":[{"href":"https:\/\/pts.org.pl\/en\/wp-json\/wp\/v2\/types\/post"}],"author":[{"embeddable":true,"href":"https:\/\/pts.org.pl\/en\/wp-json\/wp\/v2\/users\/11"}],"replies":[{"embeddable":true,"href":"https:\/\/pts.org.pl\/en\/wp-json\/wp\/v2\/comments?post=5295"}],"version-history":[{"count":1,"href":"https:\/\/pts.org.pl\/en\/wp-json\/wp\/v2\/posts\/5295\/revisions"}],"predecessor-version":[{"id":5296,"href":"https:\/\/pts.org.pl\/en\/wp-json\/wp\/v2\/posts\/5295\/revisions\/5296"}],"wp:attachment":[{"href":"https:\/\/pts.org.pl\/en\/wp-json\/wp\/v2\/media?parent=5295"}],"wp:term":[{"taxonomy":"category","embeddable":true,"href":"https:\/\/pts.org.pl\/en\/wp-json\/wp\/v2\/categories?post=5295"},{"taxonomy":"post_tag","embeddable":true,"href":"https:\/\/pts.org.pl\/en\/wp-json\/wp\/v2\/tags?post=5295"}],"curies":[{"name":"wp","href":"https:\/\/api.w.org\/{rel}","templated":true}]}}