{"id":5289,"date":"2021-05-06T11:06:00","date_gmt":"2021-05-06T11:06:00","guid":{"rendered":"https:\/\/pts.org.pl\/?p=5289"},"modified":"2021-05-10T11:09:44","modified_gmt":"2021-05-10T11:09:44","slug":"dyskusja-czynnik-ludzki-o-cywilizowaniu-uprzedmiotowienia","status":"publish","type":"post","link":"https:\/\/pts.org.pl\/en\/dyskusja-czynnik-ludzki-o-cywilizowaniu-uprzedmiotowienia\/","title":{"rendered":"Dyskusja: Czynnik ludzki. O cywilizowaniu uprzedmiotowienia"},"content":{"rendered":"<div class=\"fcbkbttn_buttons_block\" id=\"fcbkbttn_left\"><div class=\"fcbkbttn_button\">\n                            <a href=\"https:\/\/www.facebook.com\/\" target=\"_blank\">\n                                <img src=\"https:\/\/pts.org.pl\/wp-content\/plugins\/facebook-button-plugin\/images\/standard-facebook-ico.png\" alt=\"Fb-Button\" \/>\n                            <\/a>\n                        <\/div><div class=\"fcbkbttn_like \"><fb:like href=\"https:\/\/pts.org.pl\/en\/dyskusja-czynnik-ludzki-o-cywilizowaniu-uprzedmiotowienia\/\" action=\"like\" colorscheme=\"light\" layout=\"button_count\"  size=\"small\"><\/fb:like><\/div><\/div>\n<p>Oddzia\u0142 \u0141\u00f3dzki PTS zaprasza na dyskusj\u0119 wok\u00f3\u0142 ksi\u0105\u017cki dr. Jerzego Stachowiaka pt. &#8220;Czynnik ludzki. O cywilizowaniu uprzedmiotowienia (Wyd. Akademickie SEDNO, 2020)<\/p>\n\n\n\n<p>Dyskusja odb\u0119dzie si\u0119&nbsp;<strong>12 maja 2021 roku (\u015broda) o 17:30<\/strong>&nbsp;na platformie Zoom.<\/p>\n\n\n\n<p><strong>Uczestnicy dyskusji<\/strong><\/p>\n\n\n\n<p>Prof. Joanna Dzionek-Koz\u0142owska (IE U\u0141)<\/p>\n\n\n\n<p>Dr Jerzy Stachowiak (IS U\u0141)<\/p>\n\n\n\n<p>Prof. Tomasz Zarycki (ISS UW)<\/p>\n\n\n\n<p><strong>Moderacja<\/strong><\/p>\n\n\n\n<p>dr Magdalena Nowicka-Franczak (IS U\u0141)<\/p>\n\n\n\n<p><strong>Link do spotkania na platformie Zoom:<\/strong><\/p>\n\n\n\n<p><a href=\"https:\/\/zoom.us\/j\/96444340037?pwd=NzVxanQyNXQwaGZWQ1J4anBiWHdEQT09\">https:\/\/zoom.us\/j\/96444340037?pwd=NzVxanQyNXQwaGZWQ1J4anBiWHdEQT09<\/a><\/p>\n\n\n\n<p>Meeting ID: 964 4434 0037<\/p>\n\n\n\n<p>Passcode: 725206<\/p>\n\n\n\n<p>Link do wydarzenia na Facebooku:&nbsp;<a href=\"https:\/\/www.facebook.com\/events\/205860397799575\" target=\"_blank\" rel=\"noreferrer noopener\">https:\/\/www.facebook.com\/events\/205860397799575<\/a><\/p>\n\n\n\n<p>Plakat wydarzenia znajduje si\u0119 w za\u0142\u0105czeniu.<\/p>\n\n\n\n<p>Uprzejmie informujemy, \u017ce planujemy nagranie spotkania i udost\u0119pnienie go p\u00f3\u017aniej na stronie O\u0141 PTS na Facebooku. Do\u0142\u0105czenie do spotkania na Zoomie jest r\u00f3wnoznaczne z wyra\u017ceniem zgody na utrwalenie, przetwarzanie oraz rozpowszechnianie Pa\u0144stwa wizerunku.<\/p>\n\n\n\n<div class=\"wp-block-file\"><a href=\"https:\/\/pts.org.pl\/wp-content\/uploads\/2021\/05\/plakat-dyskusja-wokol-ksiazki-dr.-Jerzego-Stachowiaka.pdf\">plakat &#8211; dyskusja wok\u00f3\u0142 ksi\u0105\u017cki dr. Jerzego Stachowiaka<\/a><a href=\"https:\/\/pts.org.pl\/wp-content\/uploads\/2021\/05\/plakat-dyskusja-wokol-ksiazki-dr.-Jerzego-Stachowiaka.pdf\" class=\"wp-block-file__button\" download>Pobierz<\/a><\/div>\n\n\n\n<p><\/p>\n","protected":false},"excerpt":{"rendered":"<p>Oddzia\u0142 \u0141\u00f3dzki PTS zaprasza na dyskusj\u0119 wok\u00f3\u0142 ksi\u0105\u017cki dr. Jerzego Stachowiaka pt. &#8220;Czynnik ludzki. O cywilizowaniu uprzedmiotowienia (Wyd. Akademickie SEDNO, 2020) Dyskusja odb\u0119dzie si\u0119&nbsp;12 maja 2021 roku (\u015broda) o 17:30&nbsp;na platformie Zoom. Uczestnicy dyskusji Prof. Joanna Dzionek-Koz\u0142owska (IE U\u0141) Dr Jerzy Stachowiak (IS U\u0141) Prof. Tomasz Zarycki (ISS UW) Moderacja dr Magdalena Nowicka-Franczak (IS U\u0141) [&hellip;]<\/p>\n","protected":false},"author":11,"featured_media":0,"comment_status":"open","ping_status":"open","sticky":false,"template":"","format":"standard","meta":[],"categories":[],"tags":[],"_links":{"self":[{"href":"https:\/\/pts.org.pl\/en\/wp-json\/wp\/v2\/posts\/5289"}],"collection":[{"href":"https:\/\/pts.org.pl\/en\/wp-json\/wp\/v2\/posts"}],"about":[{"href":"https:\/\/pts.org.pl\/en\/wp-json\/wp\/v2\/types\/post"}],"author":[{"embeddable":true,"href":"https:\/\/pts.org.pl\/en\/wp-json\/wp\/v2\/users\/11"}],"replies":[{"embeddable":true,"href":"https:\/\/pts.org.pl\/en\/wp-json\/wp\/v2\/comments?post=5289"}],"version-history":[{"count":1,"href":"https:\/\/pts.org.pl\/en\/wp-json\/wp\/v2\/posts\/5289\/revisions"}],"predecessor-version":[{"id":5292,"href":"https:\/\/pts.org.pl\/en\/wp-json\/wp\/v2\/posts\/5289\/revisions\/5292"}],"wp:attachment":[{"href":"https:\/\/pts.org.pl\/en\/wp-json\/wp\/v2\/media?parent=5289"}],"wp:term":[{"taxonomy":"category","embeddable":true,"href":"https:\/\/pts.org.pl\/en\/wp-json\/wp\/v2\/categories?post=5289"},{"taxonomy":"post_tag","embeddable":true,"href":"https:\/\/pts.org.pl\/en\/wp-json\/wp\/v2\/tags?post=5289"}],"curies":[{"name":"wp","href":"https:\/\/api.w.org\/{rel}","templated":true}]}}