{"id":5284,"date":"2021-05-10T10:37:54","date_gmt":"2021-05-10T10:37:54","guid":{"rendered":"https:\/\/pts.org.pl\/?p=5284"},"modified":"2021-05-10T10:37:57","modified_gmt":"2021-05-10T10:37:57","slug":"zaproszenie-na-wyklad-profesora-jerzego-zajadlo-pt-minima-iuridica-refleksje-o-pewnych-nieoczywistosciach-prawniczych","status":"publish","type":"post","link":"https:\/\/pts.org.pl\/en\/zaproszenie-na-wyklad-profesora-jerzego-zajadlo-pt-minima-iuridica-refleksje-o-pewnych-nieoczywistosciach-prawniczych\/","title":{"rendered":"Zaproszenie na wyk\u0142ad Profesora Jerzego Zajad\u0142o pt. \u201eMinima iuridica &#8211; refleksje o pewnych (nie)oczywisto\u015bciach prawniczych\u201d"},"content":{"rendered":"<div class=\"fcbkbttn_buttons_block\" id=\"fcbkbttn_left\"><div class=\"fcbkbttn_button\">\n                            <a href=\"https:\/\/www.facebook.com\/\" target=\"_blank\">\n                                <img src=\"https:\/\/pts.org.pl\/wp-content\/plugins\/facebook-button-plugin\/images\/standard-facebook-ico.png\" alt=\"Fb-Button\" \/>\n                            <\/a>\n                        <\/div><div class=\"fcbkbttn_like \"><fb:like href=\"https:\/\/pts.org.pl\/en\/zaproszenie-na-wyklad-profesora-jerzego-zajadlo-pt-minima-iuridica-refleksje-o-pewnych-nieoczywistosciach-prawniczych\/\" action=\"like\" colorscheme=\"light\" layout=\"button_count\"  size=\"small\"><\/fb:like><\/div><\/div>\n<p>Szanowni Pa\u0144stwo,<\/p>\n\n\n\n<p>mamy przyjemno\u015b\u0107 serdecznie zaprosi\u0107 Pa\u0144stwa na <strong>wyk\u0142ad Profesora Jerzego Zajad\u0142o pt. <em>Minima iuridica &#8211; refleksje o pewnych (nie)oczywisto\u015bciach prawniczych<\/em>, <\/strong>kt\u00f3ry odb\u0119dzie si\u0119 w ramach cyklu <em>Spotka\u0144 Mistrzowskich Instytutu Socjologii UJ<\/em> \u2013 serii spotka\u0144 on-line z wybitnymi przedstawicielkami i przedstawicielami \u017cycia naukowego w Polsce i na \u015bwiecie.<br><br>Kilka s\u0142\u00f3w o wyk\u0142adzie:<\/p>\n\n\n\n<p><em>W \u015bwiadomo\u015bci wsp\u00f3\u0142czesnych prawnik\u00f3w j\u0119zyk \u0142aci\u0144ski przetrwa\u0142 g\u0142\u00f3wnie za spraw\u0105 kr\u00f3tkich sentencji, fraz, zwrot\u00f3w, termin\u00f3w czy poj\u0119\u0107.&nbsp; Dzi\u0119ki pewnej specyficznej rytmiczno\u015bci j\u0119zyka \u0142aci\u0144skiego \u0142atwo wpadaj\u0105 nam w ucho i urzekaj\u0105 nas swoj\u0105 lapidarno\u015bci\u0105 i syntetyczno\u015bci\u0105, a jednocze\u015bnie niejednokrotnie przemawia przez nie zakumulowana przez wieki w prawie i w nauce prawa niezwyk\u0142a m\u0105dro\u015b\u0107 filozoficzno-prawna. Mo\u017cemy nie zna\u0107 szczeg\u00f3\u0142owo tre\u015bci dzie\u0142, list\u00f3w, m\u00f3w politycznych i procesowych Cycerona czy fragment\u00f3w Digest\u00f3w z opiniami Gaiusa, Paulusa czy Ulpiana, ale mimo to we wsp\u00f3\u0142czesnym j\u0119zyku prawniczym cz\u0119sto je cytujemy \u2013 ich przes\u0142anie zdaje si\u0119 by\u0107 bowiem w niekt\u00f3rych przypadkach ponadczasowe i uniwersalne.<\/em><\/p>\n\n\n\n<p><em>Warto przyjrze\u0107 si\u0119 niekt\u00f3rym z nich chocia\u017cby po to, by zrozumie\u0107 ich sens, zar\u00f3wno ten, w kt\u00f3rym by\u0142y pierwotnie u\u017cyte, jak i ten, w kt\u00f3rym my je dzisiaj stosujemy. Nie zawsze b\u0119d\u0105 to\u017csame, poniewa\u017c ka\u017cda z tych sentencji czy fraz by\u0142a sformu\u0142owana w okre\u015blonym kontek\u015bcie historycznym, politycznym, prawnym i spo\u0142ecznym, ale jednocze\u015bnie ju\u017c dawno oderwa\u0142y si\u0119 od tych kontekst\u00f3w i zacz\u0119\u0142y \u017cy\u0107 swoim w\u0142asnym \u017cyciem. W niekt\u00f3rych przypadkach wsp\u00f3\u0142czesne znaczenie r\u00f3\u017cni si\u0119 wr\u0119cz znacznie od pierwowzoru. O tym, \u017ce s\u0105 jednak obecne we wsp\u00f3\u0142czesnym obrocie prawnym, najlepiej \u015bwiadczy cz\u0119stotliwo\u015b\u0107 z jak\u0105 pojawiaj\u0105 si\u0119 np. w dzia\u0142alno\u015bci Rzecznika Generalnego i Trybuna\u0142u Sprawiedliwo\u015bci Unii Europejskiej. &nbsp;<\/em><\/p>\n\n\n\n<p><em>Ale jest jeszcze lepszy i bli\u017cszy nam przyk\u0142ad. Na kolumnach otaczaj\u0105cych budynek S\u0105du Najwy\u017cszego w Warszawie umieszczono osiemdziesi\u0105t sze\u015b\u0107 \u0142aci\u0144skich inskrypcji \u2013 zdecydowana wi\u0119kszo\u015b\u0107 z nich pochodzi z Digest\u00f3w Justyniania, a wi\u0119c ich autorami byli rzymscy prawnicy, g\u0142\u00f3wnie z okresu klasycznego; niekt\u00f3re z tych sentencji zaczerpni\u0119to te\u017c z innych \u017ar\u00f3de\u0142. Nie znalaz\u0142y si\u0119 tam jednak na darmo i przez przypadek, poniewa\u017c wszystkie one (i jeszcze wiele innych) uciele\u015bniaj\u0105 pewn\u0105 zakumulowan\u0105 przez wieki m\u0105dro\u015b\u0107 prawnicz\u0105, a wi\u0119c s\u0105 pewnymi minima iuridica w przyj\u0119tym przez mnie znaczeniu. Kiedy jako prawnicy przekraczamy pr\u00f3g polskiego s\u0105du, nie tylko S\u0105du Najwy\u017cszego, powinny tam wkracza\u0107 razem z nami. I o tym w gruncie rzeczy jest ten wyk\u0142ad.&nbsp;<\/em><\/p>\n\n\n\n<p class=\"has-text-align-right\">Profesor Jerzy Zajad\u0142o<\/p>\n\n\n\n<p>Wyk\u0142ad odb\u0119dzie si\u0119 <strong>20 maja 2021 roku <\/strong>(czwartek) <strong>o godz. 18:00<\/strong> na platformie MsTeams.<\/p>\n\n\n\n<ul><li>link do spotkania: <a href=\"https:\/\/teams.microsoft.com\/l\/meetup-join\/19%3ad82c0a9cc436401dae3b70e64f16f986%40thread.tacv2\/1620124045497?context=%7b%22Tid%22%3a%22eb0e26eb-bfbe-47d2-9e90-ebd2426dbceb%22%2c%22Oid%22%3a%2270064893-d07f-40d7-b83b-9fe3b0107d73%22%7d\">https:\/\/teams.microsoft.com\/l\/meetup-join\/19%3ad82c0a9cc436401dae3b70e64f16f986%40thread.tacv2\/1620124045497?context=%7b%22Tid%22%3a%22eb0e26eb-bfbe-47d2-9e90-ebd2426dbceb%22%2c%22Oid%22%3a%2270064893-d07f-40d7-b83b-9fe3b0107d73%22%7d<\/a> &nbsp;<\/li><\/ul>\n\n\n\n<p><strong>Prof. dr hab. Jerzy Zajad\u0142o &#8211; <\/strong>prawnik i filozof, profesor zwyczajny&nbsp;Wydzia\u0142u Prawa i Administracji Uniwersytetu Gda\u0144skiego, zwi\u0105zany z Katedr\u0105 Teorii i Filozofii Pa\u0144stwa i Prawa Uniwersytetu Gda\u0144skiego. Cz\u0142onek-korespondent Polskiej Akademii Nauk i Polskiej Akademii Umiej\u0119tno\u015bci, stypendysta Fundacji Alexandra von Humboldta, laureat licznych nagr\u00f3d naukowych (m. in. im. Jana Heweliusza, Tadeusza Kotarbi\u0144skiego i Leona Petra\u017cyckiego). Autor i redaktor ponad czterystu prac naukowych, w tym m. in. monografii <em>Formu\u0142a Radbrucha, Odpowiedzialno\u015b\u0107 za Mur, Studia Grotiana, Dylematy humanitarnej interwencji, Po co prawnikom filozofia prawa, S\u0119dziowie i niewolnicy, Lord Mansfield, Radbruch, Schmitt, Kaufmann, Kantorowicz<\/em> oraz <em>Minima iuridica &#8211; refleksje o pewnych (nie)oczywisto\u015bciach prawniczych.<\/em><\/p>\n\n\n\n<p><strong>Organizator:<\/strong><br>Instytut Socjologii Uniwersytetu Jagiello\u0144skiego w Krakowie<br><br><strong>Wsp\u00f3\u0142organizatorzy:<\/strong><br>Interdyscyplinarne Centrum Analiz Spo\u0142eczno-Prawnych UJ<br>Sekcja Socjologii Prawa Polskiego Towarzystwa Socjologicznego<\/p>\n\n\n\n<figure class=\"wp-block-gallery columns-1 is-cropped\"><ul class=\"blocks-gallery-grid\"><li class=\"blocks-gallery-item\"><figure><img loading=\"lazy\" width=\"724\" height=\"1024\" src=\"https:\/\/pts.org.pl\/wp-content\/uploads\/2021\/05\/Jerzy-Zajadlo_PLAKAT-724x1024.png\" alt=\"\" data-id=\"5285\" data-full-url=\"https:\/\/pts.org.pl\/wp-content\/uploads\/2021\/05\/Jerzy-Zajadlo_PLAKAT.png\" data-link=\"https:\/\/pts.org.pl\/?attachment_id=5285\" class=\"wp-image-5285\" srcset=\"https:\/\/pts.org.pl\/wp-content\/uploads\/2021\/05\/Jerzy-Zajadlo_PLAKAT-724x1024.png 724w, https:\/\/pts.org.pl\/wp-content\/uploads\/2021\/05\/Jerzy-Zajadlo_PLAKAT-212x300.png 212w, https:\/\/pts.org.pl\/wp-content\/uploads\/2021\/05\/Jerzy-Zajadlo_PLAKAT-768x1086.png 768w, https:\/\/pts.org.pl\/wp-content\/uploads\/2021\/05\/Jerzy-Zajadlo_PLAKAT-1086x1536.png 1086w, https:\/\/pts.org.pl\/wp-content\/uploads\/2021\/05\/Jerzy-Zajadlo_PLAKAT-1448x2048.png 1448w, https:\/\/pts.org.pl\/wp-content\/uploads\/2021\/05\/Jerzy-Zajadlo_PLAKAT.png 1587w\" sizes=\"(max-width: 724px) 100vw, 724px\" \/><\/figure><\/li><\/ul><\/figure>\n","protected":false},"excerpt":{"rendered":"<p>Szanowni Pa\u0144stwo, mamy przyjemno\u015b\u0107 serdecznie zaprosi\u0107 Pa\u0144stwa na wyk\u0142ad Profesora Jerzego Zajad\u0142o pt. Minima iuridica &#8211; refleksje o pewnych (nie)oczywisto\u015bciach prawniczych, kt\u00f3ry odb\u0119dzie si\u0119 w ramach cyklu Spotka\u0144 Mistrzowskich Instytutu Socjologii UJ \u2013 serii spotka\u0144 on-line z wybitnymi przedstawicielkami i przedstawicielami \u017cycia naukowego w Polsce i na \u015bwiecie. Kilka s\u0142\u00f3w o wyk\u0142adzie: W \u015bwiadomo\u015bci wsp\u00f3\u0142czesnych [&hellip;]<\/p>\n","protected":false},"author":11,"featured_media":0,"comment_status":"open","ping_status":"open","sticky":false,"template":"","format":"standard","meta":[],"categories":[],"tags":[],"_links":{"self":[{"href":"https:\/\/pts.org.pl\/en\/wp-json\/wp\/v2\/posts\/5284"}],"collection":[{"href":"https:\/\/pts.org.pl\/en\/wp-json\/wp\/v2\/posts"}],"about":[{"href":"https:\/\/pts.org.pl\/en\/wp-json\/wp\/v2\/types\/post"}],"author":[{"embeddable":true,"href":"https:\/\/pts.org.pl\/en\/wp-json\/wp\/v2\/users\/11"}],"replies":[{"embeddable":true,"href":"https:\/\/pts.org.pl\/en\/wp-json\/wp\/v2\/comments?post=5284"}],"version-history":[{"count":1,"href":"https:\/\/pts.org.pl\/en\/wp-json\/wp\/v2\/posts\/5284\/revisions"}],"predecessor-version":[{"id":5286,"href":"https:\/\/pts.org.pl\/en\/wp-json\/wp\/v2\/posts\/5284\/revisions\/5286"}],"wp:attachment":[{"href":"https:\/\/pts.org.pl\/en\/wp-json\/wp\/v2\/media?parent=5284"}],"wp:term":[{"taxonomy":"category","embeddable":true,"href":"https:\/\/pts.org.pl\/en\/wp-json\/wp\/v2\/categories?post=5284"},{"taxonomy":"post_tag","embeddable":true,"href":"https:\/\/pts.org.pl\/en\/wp-json\/wp\/v2\/tags?post=5284"}],"curies":[{"name":"wp","href":"https:\/\/api.w.org\/{rel}","templated":true}]}}