{"id":5281,"date":"2021-05-10T10:15:06","date_gmt":"2021-05-10T10:15:06","guid":{"rendered":"https:\/\/pts.org.pl\/?p=5281"},"modified":"2024-11-12T12:16:55","modified_gmt":"2024-11-12T12:16:55","slug":"seminarium-problemy-jakosci-powietrza-w-ujeciu-multidyscyplinarnym","status":"publish","type":"post","link":"https:\/\/pts.org.pl\/en\/seminarium-problemy-jakosci-powietrza-w-ujeciu-multidyscyplinarnym\/","title":{"rendered":"Seminarium: Problemy jako\u015bci powietrza w uj\u0119ciu multidyscyplinarnym"},"content":{"rendered":"<div class=\"fcbkbttn_buttons_block\" id=\"fcbkbttn_left\"><div class=\"fcbkbttn_button\">\n                            <a href=\"https:\/\/www.facebook.com\/\" target=\"_blank\">\n                                <img src=\"https:\/\/pts.org.pl\/wp-content\/plugins\/facebook-button-plugin\/images\/standard-facebook-ico.png\" alt=\"Fb-Button\" \/>\n                            <\/a>\n                        <\/div><div class=\"fcbkbttn_like \"><fb:like href=\"https:\/\/pts.org.pl\/en\/seminarium-problemy-jakosci-powietrza-w-ujeciu-multidyscyplinarnym\/\" action=\"like\" colorscheme=\"light\" layout=\"button_count\"  size=\"small\"><\/fb:like><\/div><\/div>\n<p>Zapraszamy na seminarium organizowane przez Sekcj\u0119 Socjologii \u015arodowiska Polskiego Towarzystwa Socjologicznego oraz Komisj\u0119 Klimatu, Zasob\u00f3w Wodnych i Ochrony Powietrza przy Oddziale Pozna\u0144skim PAN pt. &#8220;Problemy jako\u015bci powietrza w uj\u0119ciu multidyscyplinarnym&#8221;&nbsp;<br><\/p>\n\n\n\n<p>Odb\u0119dzie si\u0119 ono w czwartek, 27 maja (czwartek), w godz. 15.00-18.00,&nbsp; na platformie zoom<br><a rel=\"noreferrer noopener\" href=\"https:\/\/zoom.us\/j\/99809167093?pwd=UGVGa25NKzQwdnE1WEhSQzFrcEdoQT09\" target=\"_blank\">https:\/\/zoom.us\/j\/99809167093?pwd=UGVGa25NKzQwdnE1WEhSQzFrcEdoQT09<\/a><\/p>\n\n\n\n<p>Piotr Matczak,<br>Przewodnicz\u0105cy Sekcji Socjologii \u015arodowiska PTS<\/p>\n\n\n\n<p><\/p>\n","protected":false},"excerpt":{"rendered":"<p>Zapraszamy na seminarium organizowane przez Sekcj\u0119 Socjologii \u015arodowiska Polskiego Towarzystwa Socjologicznego oraz Komisj\u0119 Klimatu, Zasob\u00f3w Wodnych i Ochrony Powietrza przy Oddziale Pozna\u0144skim PAN pt. &#8220;Problemy jako\u015bci powietrza w uj\u0119ciu multidyscyplinarnym&#8221;&nbsp; Odb\u0119dzie si\u0119 ono w czwartek, 27 maja (czwartek), w godz. 15.00-18.00,&nbsp; na platformie zoomhttps:\/\/zoom.us\/j\/99809167093?pwd=UGVGa25NKzQwdnE1WEhSQzFrcEdoQT09 Piotr Matczak,Przewodnicz\u0105cy Sekcji Socjologii \u015arodowiska PTS<\/p>\n","protected":false},"author":11,"featured_media":0,"comment_status":"open","ping_status":"open","sticky":false,"template":"","format":"standard","meta":[],"categories":[],"tags":[],"_links":{"self":[{"href":"https:\/\/pts.org.pl\/en\/wp-json\/wp\/v2\/posts\/5281"}],"collection":[{"href":"https:\/\/pts.org.pl\/en\/wp-json\/wp\/v2\/posts"}],"about":[{"href":"https:\/\/pts.org.pl\/en\/wp-json\/wp\/v2\/types\/post"}],"author":[{"embeddable":true,"href":"https:\/\/pts.org.pl\/en\/wp-json\/wp\/v2\/users\/11"}],"replies":[{"embeddable":true,"href":"https:\/\/pts.org.pl\/en\/wp-json\/wp\/v2\/comments?post=5281"}],"version-history":[{"count":3,"href":"https:\/\/pts.org.pl\/en\/wp-json\/wp\/v2\/posts\/5281\/revisions"}],"predecessor-version":[{"id":7427,"href":"https:\/\/pts.org.pl\/en\/wp-json\/wp\/v2\/posts\/5281\/revisions\/7427"}],"wp:attachment":[{"href":"https:\/\/pts.org.pl\/en\/wp-json\/wp\/v2\/media?parent=5281"}],"wp:term":[{"taxonomy":"category","embeddable":true,"href":"https:\/\/pts.org.pl\/en\/wp-json\/wp\/v2\/categories?post=5281"},{"taxonomy":"post_tag","embeddable":true,"href":"https:\/\/pts.org.pl\/en\/wp-json\/wp\/v2\/tags?post=5281"}],"curies":[{"name":"wp","href":"https:\/\/api.w.org\/{rel}","templated":true}]}}