{"id":5268,"date":"2021-04-13T20:40:00","date_gmt":"2021-04-13T20:40:00","guid":{"rendered":"https:\/\/pts.org.pl\/?p=5268"},"modified":"2021-04-14T20:42:53","modified_gmt":"2021-04-14T20:42:53","slug":"zaproszenie-na-konferencje-digital-realities-work-mobilities-and-new-opportunities-and-risks-in-central-and-eastern-europe-in-the-postpandemic-period","status":"publish","type":"post","link":"https:\/\/pts.org.pl\/en\/zaproszenie-na-konferencje-digital-realities-work-mobilities-and-new-opportunities-and-risks-in-central-and-eastern-europe-in-the-postpandemic-period\/","title":{"rendered":"Zaproszenie na konferencj\u0119 &#8220;Digital realities: work, mobilities, and new opportunities and risks in Central and Eastern Europe in the (post)pandemic period.&#8221;"},"content":{"rendered":"<div class=\"fcbkbttn_buttons_block\" id=\"fcbkbttn_left\"><div class=\"fcbkbttn_button\">\n                            <a href=\"https:\/\/www.facebook.com\/\" target=\"_blank\">\n                                <img src=\"https:\/\/pts.org.pl\/wp-content\/plugins\/facebook-button-plugin\/images\/standard-facebook-ico.png\" alt=\"Fb-Button\" \/>\n                            <\/a>\n                        <\/div><div class=\"fcbkbttn_like \"><fb:like href=\"https:\/\/pts.org.pl\/en\/zaproszenie-na-konferencje-digital-realities-work-mobilities-and-new-opportunities-and-risks-in-central-and-eastern-europe-in-the-postpandemic-period\/\" action=\"like\" colorscheme=\"light\" layout=\"button_count\"  size=\"small\"><\/fb:like><\/div><\/div>\n<p>Szanowni Pa\u0144stwo,<\/p>\n\n\n\n<p>Serdecznie zapraszamy na wsp\u00f3\u0142organizowan\u0105 przez Zak\u0142ad Socjologii Og\u00f3lnej Instytutu Socjologii Uniwersytetu Wroc\u0142awskiego, Sekcj\u0119 Socjologii Pracy Polskiego Towarzystwa Socjologicznego, Wroc\u0142awski Oddzia\u0142 Polskiego Towarzystwa Socjologicznego we wsp\u00f3\u0142pracy z Komitetem Badawczym 44 &#8220;Ruchy Pracownicze&#8221; Mi\u0119dzynarodowego Towarzystwa Socjologicznego oraz Ko\u0142em Inicjatyw Spo\u0142ecznych Student\u00f3w Uniwersytetu Wroc\u0142awskiego konferencj\u0119 online pt.&nbsp;&#8220;Digital realities: work, mobilities, and new opportunities and risks in Central and Eastern Europe in the (post)pandemic period.&#8221;<\/p>\n\n\n\n<p>Konferencja odb\u0119dzie si\u0119 na zoomie w dniach 13-14 maja 2021 roku.<\/p>\n\n\n\n<p>Udzia\u0142 w wydarzeniu jest bezp\u0142atny, ale wymaga rejestracji przez wype\u0142nienie formularza pod adresem:\u00a0<a rel=\"noreferrer noopener\" href=\"https:\/\/forms.office.com\/r\/n9DvPxT4gt\" target=\"_blank\">https:\/\/forms.office.com\/r\/n9DvPxT4gt<\/a>. <\/p>\n\n\n\n<p>Osoby, kt\u00f3re wype\u0142ni\u0105 formularz, otrzymaj\u0105 link do programu ZOOM.<\/p>\n\n\n\n<p>Wi\u0119cej informacji odnale\u017a\u0107 mo\u017cna na stronie konferencji:&nbsp;<a href=\"https:\/\/www.socjologia.uni.wroc.pl\/Wydarzenia\/Konferencja-miedzynarodowa-Digital-Realities\" target=\"_blank\" rel=\"noreferrer noopener\">https:\/\/www.socjologia.uni.wroc.pl\/Wydarzenia\/Konferencja-miedzynarodowa-Digital-Realities<\/a>&nbsp; oraz otrzyma\u0107 mailowo (<a href=\"mailto:zso@uwr.edu.pl\" target=\"_blank\" rel=\"noreferrer noopener\">zso@uwr.edu.pl<\/a>&nbsp;) .<\/p>\n\n\n\n<p>Serdecznie pozdrawiamy,<\/p>\n\n\n\n<p>W imieniu Komitetu Organizacyjnego \u2013 dr hab. Adam Mrozowicki, prof. UWr<\/p>\n\n\n\n<div class=\"wp-block-file\"><a href=\"https:\/\/pts.org.pl\/wp-content\/uploads\/2021\/04\/Digital-Realities-programme.pdf\">Digital Realities &#8211; programme<\/a><a href=\"https:\/\/pts.org.pl\/wp-content\/uploads\/2021\/04\/Digital-Realities-programme.pdf\" class=\"wp-block-file__button\" download>Pobierz<\/a><\/div>\n\n\n\n<p><\/p>\n","protected":false},"excerpt":{"rendered":"<p>Szanowni Pa\u0144stwo, Serdecznie zapraszamy na wsp\u00f3\u0142organizowan\u0105 przez Zak\u0142ad Socjologii Og\u00f3lnej Instytutu Socjologii Uniwersytetu Wroc\u0142awskiego, Sekcj\u0119 Socjologii Pracy Polskiego Towarzystwa Socjologicznego, Wroc\u0142awski Oddzia\u0142 Polskiego Towarzystwa Socjologicznego we wsp\u00f3\u0142pracy z Komitetem Badawczym 44 &#8220;Ruchy Pracownicze&#8221; Mi\u0119dzynarodowego Towarzystwa Socjologicznego oraz Ko\u0142em Inicjatyw Spo\u0142ecznych Student\u00f3w Uniwersytetu Wroc\u0142awskiego konferencj\u0119 online pt.&nbsp;&#8220;Digital realities: work, mobilities, and new opportunities and risks in [&hellip;]<\/p>\n","protected":false},"author":11,"featured_media":0,"comment_status":"open","ping_status":"open","sticky":false,"template":"","format":"standard","meta":[],"categories":[],"tags":[],"_links":{"self":[{"href":"https:\/\/pts.org.pl\/en\/wp-json\/wp\/v2\/posts\/5268"}],"collection":[{"href":"https:\/\/pts.org.pl\/en\/wp-json\/wp\/v2\/posts"}],"about":[{"href":"https:\/\/pts.org.pl\/en\/wp-json\/wp\/v2\/types\/post"}],"author":[{"embeddable":true,"href":"https:\/\/pts.org.pl\/en\/wp-json\/wp\/v2\/users\/11"}],"replies":[{"embeddable":true,"href":"https:\/\/pts.org.pl\/en\/wp-json\/wp\/v2\/comments?post=5268"}],"version-history":[{"count":1,"href":"https:\/\/pts.org.pl\/en\/wp-json\/wp\/v2\/posts\/5268\/revisions"}],"predecessor-version":[{"id":5270,"href":"https:\/\/pts.org.pl\/en\/wp-json\/wp\/v2\/posts\/5268\/revisions\/5270"}],"wp:attachment":[{"href":"https:\/\/pts.org.pl\/en\/wp-json\/wp\/v2\/media?parent=5268"}],"wp:term":[{"taxonomy":"category","embeddable":true,"href":"https:\/\/pts.org.pl\/en\/wp-json\/wp\/v2\/categories?post=5268"},{"taxonomy":"post_tag","embeddable":true,"href":"https:\/\/pts.org.pl\/en\/wp-json\/wp\/v2\/tags?post=5268"}],"curies":[{"name":"wp","href":"https:\/\/api.w.org\/{rel}","templated":true}]}}