{"id":5262,"date":"2021-04-14T20:25:21","date_gmt":"2021-04-14T20:25:21","guid":{"rendered":"https:\/\/pts.org.pl\/?p=5262"},"modified":"2021-04-14T20:25:23","modified_gmt":"2021-04-14T20:25:23","slug":"dyskusja-od-zamyslu-do-korekty-ustawy-2-0-reforma-szkolnictwa-wyzszego-pod-zmienionym-nadzorem","status":"publish","type":"post","link":"https:\/\/pts.org.pl\/en\/dyskusja-od-zamyslu-do-korekty-ustawy-2-0-reforma-szkolnictwa-wyzszego-pod-zmienionym-nadzorem\/","title":{"rendered":"Dyskusja: Od zamys\u0142u do korekty Ustawy 2.0. Reforma szkolnictwa wy\u017cszego pod zmienionym nadzorem"},"content":{"rendered":"<div class=\"fcbkbttn_buttons_block\" id=\"fcbkbttn_left\"><div class=\"fcbkbttn_button\">\n                            <a href=\"https:\/\/www.facebook.com\/\" target=\"_blank\">\n                                <img src=\"https:\/\/pts.org.pl\/wp-content\/plugins\/facebook-button-plugin\/images\/standard-facebook-ico.png\" alt=\"Fb-Button\" \/>\n                            <\/a>\n                        <\/div><div class=\"fcbkbttn_like \"><fb:like href=\"https:\/\/pts.org.pl\/en\/dyskusja-od-zamyslu-do-korekty-ustawy-2-0-reforma-szkolnictwa-wyzszego-pod-zmienionym-nadzorem\/\" action=\"like\" colorscheme=\"light\" layout=\"button_count\"  size=\"small\"><\/fb:like><\/div><\/div>\n<p>Oddzia\u0142 \u0141\u00f3dzki Polskiego Towarzystwa Socjologicznego zaprasza na dyskusj\u0119 <strong>pt. &#8220;Od zamys\u0142u do korekty Ustawy 2.0. Reforma szkolnictwa wy\u017cszego pod zmienionym nadzorem&#8221;<\/strong><\/p>\n\n\n\n<p>Dyskusja odb\u0119dzie si\u0119&nbsp;<strong>23 kwietnia (pi\u0105tek) w godzinach 16:30-18:30 on-line na platformie Zoom.<\/strong><\/p>\n\n\n\n<p><strong>Uczestnicy dyskusji<\/strong><br>mgr Piotr Drygas (UW, KKHP)<br>dr hab. Agnieszka Dziedziczak-Foltyn (U\u0141)<br>prof. Jaros\u0142aw P\u0142uciennik (U\u0141)<br>dr hab. Piotr Urbanek (prof. U\u0141)<\/p>\n\n\n\n<p><strong>Porz\u0105dek spotkania<\/strong><br>1) Wprowadzenie do dyskusji &#8211; prof. zw. dr hab. Jaros\u0142aw P\u0142uciennik<br>2) Reformy w kontek\u015bcie zderzenia dw\u00f3ch kultur uniwersytetu: akademickiej i korporacyjnej &#8211; dr hab. Agnieszka Dziedziczak-Foltyn<br>3) Uniwersytet korporacyjny i jego reformy w \u015bwietle teorii \u0142adu akademickiego &#8211; dr hab. Piotr Urbanek, prof. U\u0141<br>4) Krytyka reform szkolnictwa wy\u017cszego z perspektywy KKHP &#8211; mgr Piotr Drygas<br>5) Przysz\u0142o\u015b\u0107 szkolnictwa wy\u017cszego w odmienionych uwarunkowaniach resortowych &#8211; dyskusja i podsumowanie (45-60 min)<\/p>\n\n\n\n<p>Link do spotkania:<br><a href=\"https:\/\/zoom.us\/j\/96444340037?pwd=NzVxanQyNXQwaGZWQ1J4anBiWHdEQT09\" target=\"_blank\" rel=\"noreferrer noopener\">https:\/\/zoom.us\/j\/96444340037?pwd=NzVxanQyNXQwaGZWQ1J4anBiWHdEQT09<\/a><br>Meeting ID: 964 4434 0037<br>Passcode: 725206<\/p>\n\n\n\n<p>Link do wydarzenia na Facebooku:\u00a0<a rel=\"noreferrer noopener\" href=\"https:\/\/www.facebook.com\/events\/2593742484259198\" target=\"_blank\">https:\/\/www.facebook.com\/events\/2593742484259198<\/a><\/p>\n\n\n\n<div class=\"wp-block-file\"><a href=\"https:\/\/pts.org.pl\/wp-content\/uploads\/2021\/04\/plakat-Dyskusja_Od-zamyslu-do-korekty-Ustawy-2.0..pdf\">plakat &#8211; Dyskusja_Od zamys\u0142u do korekty Ustawy 2.0.<\/a><a href=\"https:\/\/pts.org.pl\/wp-content\/uploads\/2021\/04\/plakat-Dyskusja_Od-zamyslu-do-korekty-Ustawy-2.0..pdf\" class=\"wp-block-file__button\" download>Pobierz<\/a><\/div>\n\n\n\n<p><\/p>\n","protected":false},"excerpt":{"rendered":"<p>Oddzia\u0142 \u0141\u00f3dzki Polskiego Towarzystwa Socjologicznego zaprasza na dyskusj\u0119 pt. &#8220;Od zamys\u0142u do korekty Ustawy 2.0. Reforma szkolnictwa wy\u017cszego pod zmienionym nadzorem&#8221; Dyskusja odb\u0119dzie si\u0119&nbsp;23 kwietnia (pi\u0105tek) w godzinach 16:30-18:30 on-line na platformie Zoom. Uczestnicy dyskusjimgr Piotr Drygas (UW, KKHP)dr hab. Agnieszka Dziedziczak-Foltyn (U\u0141)prof. Jaros\u0142aw P\u0142uciennik (U\u0141)dr hab. Piotr Urbanek (prof. U\u0141) Porz\u0105dek spotkania1) Wprowadzenie do [&hellip;]<\/p>\n","protected":false},"author":11,"featured_media":0,"comment_status":"open","ping_status":"open","sticky":false,"template":"","format":"standard","meta":[],"categories":[],"tags":[],"_links":{"self":[{"href":"https:\/\/pts.org.pl\/en\/wp-json\/wp\/v2\/posts\/5262"}],"collection":[{"href":"https:\/\/pts.org.pl\/en\/wp-json\/wp\/v2\/posts"}],"about":[{"href":"https:\/\/pts.org.pl\/en\/wp-json\/wp\/v2\/types\/post"}],"author":[{"embeddable":true,"href":"https:\/\/pts.org.pl\/en\/wp-json\/wp\/v2\/users\/11"}],"replies":[{"embeddable":true,"href":"https:\/\/pts.org.pl\/en\/wp-json\/wp\/v2\/comments?post=5262"}],"version-history":[{"count":1,"href":"https:\/\/pts.org.pl\/en\/wp-json\/wp\/v2\/posts\/5262\/revisions"}],"predecessor-version":[{"id":5264,"href":"https:\/\/pts.org.pl\/en\/wp-json\/wp\/v2\/posts\/5262\/revisions\/5264"}],"wp:attachment":[{"href":"https:\/\/pts.org.pl\/en\/wp-json\/wp\/v2\/media?parent=5262"}],"wp:term":[{"taxonomy":"category","embeddable":true,"href":"https:\/\/pts.org.pl\/en\/wp-json\/wp\/v2\/categories?post=5262"},{"taxonomy":"post_tag","embeddable":true,"href":"https:\/\/pts.org.pl\/en\/wp-json\/wp\/v2\/tags?post=5262"}],"curies":[{"name":"wp","href":"https:\/\/api.w.org\/{rel}","templated":true}]}}