{"id":5259,"date":"2021-04-14T20:17:11","date_gmt":"2021-04-14T20:17:11","guid":{"rendered":"https:\/\/pts.org.pl\/?p=5259"},"modified":"2021-04-14T20:17:13","modified_gmt":"2021-04-14T20:17:13","slug":"zaproszenie-na-wirtualne-seminarium-socjologii-ciala","status":"publish","type":"post","link":"https:\/\/pts.org.pl\/en\/zaproszenie-na-wirtualne-seminarium-socjologii-ciala\/","title":{"rendered":"Zaproszenie na Wirtualne Seminarium Socjologii Cia\u0142a"},"content":{"rendered":"<div class=\"fcbkbttn_buttons_block\" id=\"fcbkbttn_left\"><div class=\"fcbkbttn_button\">\n                            <a href=\"https:\/\/www.facebook.com\/\" target=\"_blank\">\n                                <img src=\"https:\/\/pts.org.pl\/wp-content\/plugins\/facebook-button-plugin\/images\/standard-facebook-ico.png\" alt=\"Fb-Button\" \/>\n                            <\/a>\n                        <\/div><div class=\"fcbkbttn_like \"><fb:like href=\"https:\/\/pts.org.pl\/en\/zaproszenie-na-wirtualne-seminarium-socjologii-ciala\/\" action=\"like\" colorscheme=\"light\" layout=\"button_count\"  size=\"small\"><\/fb:like><\/div><\/div>\n<p>Sekcja Socjologii Cia\u0142a zaprasza na drugie w tym roku WSSC. Odb\u0119dzie si\u0119 ono 23 kwietnia od godziny 12:00. Go\u015bci\u0107 b\u0119dziemy dr hab. Alicj\u0119 \u0141ask\u0105-Formejter i mgr Paulin\u0119 Adamczyk, wsp\u00f3\u0142autorki ksi\u0105\u017cki &#8220;Humanizacja opieki oko\u0142oporodowej warunkiem zdrowego spo\u0142ecze\u0144stwa. Standardy a rzeczywisto\u015b\u0107 na przyk\u0142adzie Polski i Chile&#8221;. <\/p>\n\n\n\n<p>Porozmawiamy na temat cielesnych aspekt\u00f3w porodu i opieki oko\u0142oporodowej w kontek\u015bcie por\u00f3wnania mi\u0119dzykulturowego.\u00a0Link do wydarzenia na Facebooku:\u00a0<a rel=\"noreferrer noopener\" href=\"https:\/\/fb.me\/e\/25UGyjzdZ\" target=\"_blank\">https:\/\/fb.me\/e\/25UGyjzdZ<\/a><\/p>\n\n\n\n<p>Link do pobrania ksi\u0105\u017cki:\u00a0<a rel=\"noreferrer noopener\" href=\"https:\/\/onepress.pl\/ksiazki\/humanizacja-opieki-okoloporodowej-warunkiem-zdrowego-spoleczenstwa-standardy-a-rzeczywistosc-na-prz-alicja-laska-formejster-paulina-adamczyk-aneta-m,e_1w7k.htm#format\/e\" target=\"_blank\">https:\/\/onepress.pl\/ksiazki\/humanizacja-opieki-okoloporodowej-warunkiem-zdrowego-spoleczenstwa-standardy-a-rzeczywistosc-na-prz-alicja-laska-formejster-paulina-adamczyk-aneta-m,e_1w7k.htm#format\/e<\/a>\u00a0<\/p>\n\n\n\n<p>Zapisy na wydarzenie odbywaj\u0105 si\u0119 drog\u0105 mailow\u0105: byczkowska.owczarek@uni.lodz.pl<\/p>\n\n\n\n<figure class=\"wp-block-image size-large\"><img loading=\"lazy\" width=\"940\" height=\"788\" src=\"https:\/\/pts.org.pl\/wp-content\/uploads\/2021\/04\/WSSC-2_2021.png\" alt=\"\" class=\"wp-image-5260\" srcset=\"https:\/\/pts.org.pl\/wp-content\/uploads\/2021\/04\/WSSC-2_2021.png 940w, https:\/\/pts.org.pl\/wp-content\/uploads\/2021\/04\/WSSC-2_2021-300x251.png 300w, https:\/\/pts.org.pl\/wp-content\/uploads\/2021\/04\/WSSC-2_2021-768x644.png 768w\" sizes=\"(max-width: 940px) 100vw, 940px\" \/><\/figure>\n","protected":false},"excerpt":{"rendered":"<p>Sekcja Socjologii Cia\u0142a zaprasza na drugie w tym roku WSSC. Odb\u0119dzie si\u0119 ono 23 kwietnia od godziny 12:00. Go\u015bci\u0107 b\u0119dziemy dr hab. Alicj\u0119 \u0141ask\u0105-Formejter i mgr Paulin\u0119 Adamczyk, wsp\u00f3\u0142autorki ksi\u0105\u017cki &#8220;Humanizacja opieki oko\u0142oporodowej warunkiem zdrowego spo\u0142ecze\u0144stwa. Standardy a rzeczywisto\u015b\u0107 na przyk\u0142adzie Polski i Chile&#8221;. Porozmawiamy na temat cielesnych aspekt\u00f3w porodu i opieki oko\u0142oporodowej w kontek\u015bcie [&hellip;]<\/p>\n","protected":false},"author":11,"featured_media":0,"comment_status":"open","ping_status":"open","sticky":false,"template":"","format":"standard","meta":[],"categories":[],"tags":[],"_links":{"self":[{"href":"https:\/\/pts.org.pl\/en\/wp-json\/wp\/v2\/posts\/5259"}],"collection":[{"href":"https:\/\/pts.org.pl\/en\/wp-json\/wp\/v2\/posts"}],"about":[{"href":"https:\/\/pts.org.pl\/en\/wp-json\/wp\/v2\/types\/post"}],"author":[{"embeddable":true,"href":"https:\/\/pts.org.pl\/en\/wp-json\/wp\/v2\/users\/11"}],"replies":[{"embeddable":true,"href":"https:\/\/pts.org.pl\/en\/wp-json\/wp\/v2\/comments?post=5259"}],"version-history":[{"count":1,"href":"https:\/\/pts.org.pl\/en\/wp-json\/wp\/v2\/posts\/5259\/revisions"}],"predecessor-version":[{"id":5261,"href":"https:\/\/pts.org.pl\/en\/wp-json\/wp\/v2\/posts\/5259\/revisions\/5261"}],"wp:attachment":[{"href":"https:\/\/pts.org.pl\/en\/wp-json\/wp\/v2\/media?parent=5259"}],"wp:term":[{"taxonomy":"category","embeddable":true,"href":"https:\/\/pts.org.pl\/en\/wp-json\/wp\/v2\/categories?post=5259"},{"taxonomy":"post_tag","embeddable":true,"href":"https:\/\/pts.org.pl\/en\/wp-json\/wp\/v2\/tags?post=5259"}],"curies":[{"name":"wp","href":"https:\/\/api.w.org\/{rel}","templated":true}]}}