{"id":5246,"date":"2021-04-08T19:16:00","date_gmt":"2021-04-08T19:16:00","guid":{"rendered":"https:\/\/pts.org.pl\/?p=5246"},"modified":"2021-04-08T21:19:00","modified_gmt":"2021-04-08T21:19:00","slug":"monografia-sfera-publiczna-w-polsce-i-jej-wspolczesne-konteksty","status":"publish","type":"post","link":"https:\/\/pts.org.pl\/en\/monografia-sfera-publiczna-w-polsce-i-jej-wspolczesne-konteksty\/","title":{"rendered":"Monografia: Sfera publiczna w Polsce i jej wsp\u00f3\u0142czesne konteksty"},"content":{"rendered":"<div class=\"fcbkbttn_buttons_block\" id=\"fcbkbttn_left\"><div class=\"fcbkbttn_button\">\n                            <a href=\"https:\/\/www.facebook.com\/\" target=\"_blank\">\n                                <img src=\"https:\/\/pts.org.pl\/wp-content\/plugins\/facebook-button-plugin\/images\/standard-facebook-ico.png\" alt=\"Fb-Button\" \/>\n                            <\/a>\n                        <\/div><div class=\"fcbkbttn_like \"><fb:like href=\"https:\/\/pts.org.pl\/en\/monografia-sfera-publiczna-w-polsce-i-jej-wspolczesne-konteksty\/\" action=\"like\" colorscheme=\"light\" layout=\"button_count\"  size=\"small\"><\/fb:like><\/div><\/div>\n<p>W grudniu 2020 r. nak\u0142adem Wydawnictwa Instytutu Spraw Publicznych ukaza\u0142a si\u0119 monografia pod redakcj\u0105 Jolanty Arcimowicz i Kai Gadowskiej zatytu\u0142owana &#8220;<strong>Sfera publiczna w Polsce i jej wsp\u00f3\u0142czesne konteksty<\/strong>&#8220;. Publikacja, b\u0119d\u0105ca plonem XVII Og\u00f3lnopolskiego Zjazdu Socjologicznego pt. \u201eJa, My, Oni? Podmiotowo\u015b\u0107, to\u017csamo\u015b\u0107, przynale\u017cno\u015b\u0107\u201d, kt\u00f3ry odby\u0142 si\u0119 w dniach 11\u221219 wrze\u015bnia 2019 roku we Wroc\u0142awiu, jest pr\u00f3b\u0105 odpowiedzi na pytania o aktualne problemy, zagro\u017cenia i perspektywy dla rozwoju sfery publicznej w Polsce.<\/p>\n\n\n\n<p>Monografia w wersji elektronicznej jest do pobrania pod poni\u017cszym linkiem:<\/p>\n\n\n\n<p><a href=\"https:\/\/www.isp.org.pl\/pl\/publikacje\/sfera-publiczna-w-polsce-i-jej-wspolczesne-konteksty\">https:\/\/www.isp.org.pl\/pl\/publikacje\/sfera-publiczna-w-polsce-i-jej-wspolczesne-konteksty<\/a><\/p>\n\n\n\n<p>Z recenzji:<\/p>\n\n\n\n<p><em>Monografia stanowi interesuj\u0105ca pozycj\u0119, omawiaj\u0105c\u0105 bardzo wa\u017cne dla wsp\u00f3\u0142czesnej Polski zjawiska w przestrzeni publicznej, kt\u00f3re wp\u0142ywaj\u0105 na obecny kszta\u0142t demokracji w Polsce. Znalaz\u0142y si\u0119 w niej zar\u00f3wno teksty o charakterze og\u00f3lnym i generalizuj\u0105cym, jak i artyku\u0142y prezentuj\u0105ce szczeg\u00f3\u0142owe zjawiska i procesy. Za dodatkow\u0105 warto\u015b\u0107 monografii uwa\u017cam fakt, \u017ce autorzy analiz \u2013 tworzonych przecie\u017c nienale\u017cnie, wchodz\u0105 ze sob\u0105 w interesuj\u0105cy dialog, z jednej strony \u2013&nbsp;wspieraj\u0105c pewne tezy, np. dotycz\u0105ce koncepcji filaryzacjii sfery publicznej,&nbsp; specyfiki spo\u0142ecze\u0144stwa obywatelskiego czy dyskursu publicznego w Polsce jako mechanizmu opisuj\u0105cego to, co dzieje si\u0119 w r\u00f3\u017cnych przestrzeniach \u017cycia publicznego, a z drugiej strony \u2013&nbsp;dyskutuj\u0105c na temat sposob\u00f3w rozumienia i z\u0142o\u017conych relacji mi\u0119dzy takimi poj\u0119ciami jak rz\u0105dy prawa (nomokracja), formalna praworz\u0105dno\u015b\u0107, demokracja, demoliberalizm (demokracja liberalna).<\/em><\/p>\n\n\n\n<p>Dr hab. Hanna Bojar, prof. IFiS PAN<\/p>\n\n\n\n<p><em>Monografia jest w przewa\u017caj\u0105cej mierze pok\u0142osiem sesji zorganizowanej przez redaktorki tomu, uznane specjalistki w zakresie socjologii prawa, w ramach XVII Og\u00f3lnopolskiego Zjazdu Socjologicznego, kt\u00f3ry odby\u0142 si\u0119 we Wroc\u0142awiu we wrze\u015bniu 2019 r. Uzupe\u0142niaj\u0105 j\u0105 artyku\u0142y zaproszonych do wsp\u00f3\u0142pracy prawnik\u00f3w i socjolog\u00f3w z r\u00f3\u017cnych o\u015brodk\u00f3w naukowych, kt\u00f3rych \u0142\u0105czy zainteresowanie stanem pa\u0144stwa i kondycj\u0105 spo\u0142ecze\u0144stwa obywatelskiego we wsp\u00f3\u0142czesnej Polsce. Jest to bardzo interesuj\u0105ce opracowania naukowe odnosz\u0105ce si\u0119 do sfery publicznej w og\u00f3le i sfery publicznej w Polsce, kt\u00f3re z pewno\u015bci\u0105 spotka si\u0119 z zainteresowaniem czytelnik\u00f3w.<\/em><\/p>\n\n\n\n<p>Dr hab. Krzysztof Motyka, prof. KUL<\/p>\n","protected":false},"excerpt":{"rendered":"<p>W grudniu 2020 r. nak\u0142adem Wydawnictwa Instytutu Spraw Publicznych ukaza\u0142a si\u0119 monografia pod redakcj\u0105 Jolanty Arcimowicz i Kai Gadowskiej zatytu\u0142owana &#8220;Sfera publiczna w Polsce i jej wsp\u00f3\u0142czesne konteksty&#8220;. Publikacja, b\u0119d\u0105ca plonem XVII Og\u00f3lnopolskiego Zjazdu Socjologicznego pt. \u201eJa, My, Oni? Podmiotowo\u015b\u0107, to\u017csamo\u015b\u0107, przynale\u017cno\u015b\u0107\u201d, kt\u00f3ry odby\u0142 si\u0119 w dniach 11\u221219 wrze\u015bnia 2019 roku we Wroc\u0142awiu, jest pr\u00f3b\u0105 [&hellip;]<\/p>\n","protected":false},"author":11,"featured_media":0,"comment_status":"open","ping_status":"open","sticky":false,"template":"","format":"standard","meta":[],"categories":[],"tags":[],"_links":{"self":[{"href":"https:\/\/pts.org.pl\/en\/wp-json\/wp\/v2\/posts\/5246"}],"collection":[{"href":"https:\/\/pts.org.pl\/en\/wp-json\/wp\/v2\/posts"}],"about":[{"href":"https:\/\/pts.org.pl\/en\/wp-json\/wp\/v2\/types\/post"}],"author":[{"embeddable":true,"href":"https:\/\/pts.org.pl\/en\/wp-json\/wp\/v2\/users\/11"}],"replies":[{"embeddable":true,"href":"https:\/\/pts.org.pl\/en\/wp-json\/wp\/v2\/comments?post=5246"}],"version-history":[{"count":1,"href":"https:\/\/pts.org.pl\/en\/wp-json\/wp\/v2\/posts\/5246\/revisions"}],"predecessor-version":[{"id":5247,"href":"https:\/\/pts.org.pl\/en\/wp-json\/wp\/v2\/posts\/5246\/revisions\/5247"}],"wp:attachment":[{"href":"https:\/\/pts.org.pl\/en\/wp-json\/wp\/v2\/media?parent=5246"}],"wp:term":[{"taxonomy":"category","embeddable":true,"href":"https:\/\/pts.org.pl\/en\/wp-json\/wp\/v2\/categories?post=5246"},{"taxonomy":"post_tag","embeddable":true,"href":"https:\/\/pts.org.pl\/en\/wp-json\/wp\/v2\/tags?post=5246"}],"curies":[{"name":"wp","href":"https:\/\/api.w.org\/{rel}","templated":true}]}}