{"id":5229,"date":"2021-04-08T20:22:13","date_gmt":"2021-04-08T20:22:13","guid":{"rendered":"https:\/\/pts.org.pl\/?p=5229"},"modified":"2021-04-08T20:30:35","modified_gmt":"2021-04-08T20:30:35","slug":"wyklad-profesora-krzysztofa-frysztackiego-pt-klopotliwe-i-dyskusyjne-zagadnienia-welfare","status":"publish","type":"post","link":"https:\/\/pts.org.pl\/en\/wyklad-profesora-krzysztofa-frysztackiego-pt-klopotliwe-i-dyskusyjne-zagadnienia-welfare\/","title":{"rendered":"Wyk\u0142ad Profesora Krzysztofa Frysztackiego pt. &#8220;K\u0142opotliwe i dyskusyjne zagadnienia welfare&#8221;"},"content":{"rendered":"<div class=\"fcbkbttn_buttons_block\" id=\"fcbkbttn_left\"><div class=\"fcbkbttn_button\">\n                            <a href=\"https:\/\/www.facebook.com\/\" target=\"_blank\">\n                                <img src=\"https:\/\/pts.org.pl\/wp-content\/plugins\/facebook-button-plugin\/images\/standard-facebook-ico.png\" alt=\"Fb-Button\" \/>\n                            <\/a>\n                        <\/div><div class=\"fcbkbttn_like \"><fb:like href=\"https:\/\/pts.org.pl\/en\/wyklad-profesora-krzysztofa-frysztackiego-pt-klopotliwe-i-dyskusyjne-zagadnienia-welfare\/\" action=\"like\" colorscheme=\"light\" layout=\"button_count\"  size=\"small\"><\/fb:like><\/div><\/div>\n<p>Szanowni Pa\u0144stwo,&nbsp;<\/p>\n\n\n\n<p>w imieniu Dyrektor Instytutu Socjologii UJ dr hab. Kai Gadowskiej, prof. UJ mamy przyjemno\u015b\u0107 serdecznie zaprosi\u0107 Pa\u0144stwa na\u00a0<strong>wyk\u0142ad Profesora Krzysztofa Frysztackiego pt. &#8220;K\u0142opotliwe i dyskusyjne zagadnienia\u00a0<em>welfare&#8221;<\/em><\/strong>, kt\u00f3ry odb\u0119dzie si\u0119 w ramach cyklu Spotka\u0144 Mistrzowskich Instytutu Socjologii UJ \u2013 serii spotka\u0144 on-line z wybitnymi przedstawicielkami i przedstawicielami \u017cycia naukowego w Polsce i na \u015bwiecie.<\/p>\n\n\n\n<p>Kilka s\u0142\u00f3w o wyk\u0142adzie:&nbsp;<\/p>\n\n\n\n<p><em>Problematyka welfare, social welfare odznacza si\u0119 mi\u0119dzy innymi dwiema kluczowymi cechami. Z jednej strony jest nadzwyczaj rozbudowana oraz wywiera zasadniczy wp\u0142yw na rozmaite aspekty ludzkiego i spo\u0142ecznego funkcjonowania. Z drugiej strony, dane jej s\u0105 w istocie nieprzezwyci\u0119\u017calne kontrowersje i odmienno\u015b\u0107 pogl\u0105d\u00f3w. Jak potocznie si\u0119 uznaje, kryje si\u0119 za ni\u0105 splot zagadnie\u0144 pomocowych (pomocy spo\u0142ecznej), na co niniejszym po\u0142\u00f3\u017cmy podstawowy nacisk, ale te\u017c kwestii maj\u0105cych s\u0142u\u017cy\u0107 wi\u0119kszej \u017cyciowej pomy\u015blno\u015bci. Cz\u0119stokro\u0107 jest to traktowane odr\u0119bnie, ale mi\u0119dzy tymi punktami mo\u017cna, wr\u0119cz nale\u017cy, przerzuca\u0107 pomost. Kluczowym aspektem tych zjawisk i dylemat\u00f3w sta\u0142o si\u0119 pojawienie oraz rozwijanie w rozmaitych kierunkach zaanga\u017cowania pa\u0144stwowego, welfare state \u2013 ale w zwi\u0105zku z tym pojawiaj\u0105 si\u0119 pytania o w\u0142a\u015bciwo\u015bci, mo\u017cliwo\u015bci i kierunki dzia\u0142ania \u201epozapa\u0144stwowych\u201d niezale\u017cnych przejaw\u00f3w zaanga\u017cowania spo\u0142ecznego, welfare society.&nbsp;<\/em><\/p>\n\n\n\n<p><em>Jest to problematyka uniwersalna (st\u0105d te\u017c skorzystanie r\u00f3wnie\u017c tutaj z angielskoj\u0119zycznych okre\u015ble\u0144), zakorzeniona zar\u00f3wno w bardziej teoretycznych jak i naturalnie w aplikacyjnych wymiarach nauk spo\u0142ecznych, a nasza polska rzeczywisto\u015b\u0107, w\u0142a\u015bciwe jej uj\u0119cia i praktyka, s\u0105 cz\u0119\u015bci\u0105 tego, co wyst\u0119puje og\u00f3lniej, w szczeg\u00f3lno\u015bci w \u015bwiecie zachodnim.&nbsp;&nbsp;&nbsp; &nbsp;<\/em><\/p>\n\n\n\n<p>                                                                             Profesor Krzysztof Frysztacki\u00a0<\/p>\n\n\n\n<p>Wyk\u0142ad odb\u0119dzie si\u0119\u00a0<strong>22 kwietnia 2021 roku<\/strong>\u00a0(czwartek)\u00a0<strong>o godz. 18:00<\/strong>\u00a0na platformie MsTeams.\u00a0<\/p>\n\n\n\n<p class=\"has-text-align-left\">Link do spotkania:\u00a0<\/p>\n\n\n\n<p class=\"has-text-align-left\"><a rel=\"noreferrer noopener\" href=\"https:\/\/teams.microsoft.com\/l\/meetup-join\/19%3aaabd9ad32b344521883aefcbb6e9c934%40thread.tacv2\/1617783421732?context=%7b%22Tid%22%3a%22eb0e26eb-bfbe-47d2-9e90-ebd2426dbceb%22%2c%22Oid%22%3a%2270064893-d07f-40d7-b83b-9fe3b0107d73%22%7d\" target=\"_blank\">https:\/\/teams.microsoft.com\/l\/meetup-join\/19%3aaabd9ad32b344521883aefcbb6e9c934%40thread.tacv2\/1617783421732?context=%7b%22Tid%22%3a%22eb0e26eb-bfbe-47d2-9e90-ebd2426dbceb%22%2c%22Oid%22%3a%2270064893-d07f-40d7-b83b-9fe3b0107d73%22%7d<\/a><\/p>\n\n\n\n<p><strong>Prof. dr hab. Krzysztof Frysztacki<\/strong>&nbsp;(Professor Emeritus Uniwersytetu Jagiello\u0144skiego), socjolog, zajmuj\u0105cy si\u0119 te\u017c od dawna prac\u0105 socjaln\u0105. W sumie wiele lat sp\u0119dzi\u0142 poza krajem, ale Krak\u00f3w oraz Uniwersytet Jagiello\u0144ski niezmiennie pozostaj\u0105 dla niego fundamentalnymi \u015brodowiskowymi punktami odniesienia. Autor i wsp\u00f3\u0142autor kilkunastu ksi\u0105\u017cek monograficznych, tako\u017c redaktor i wsp\u00f3\u0142redaktor kilkudziesi\u0119ciu prac zbiorowych; oczywi\u015bcie szeregu artyku\u0142\u00f3w. Linia od socjologii miasta, przez socjologi\u0119 problem\u00f3w spo\u0142ecznych, ku historii i teorii pracy socjalnej, wyznacza g\u0142\u00f3wny splot w\u0142a\u015bciwych mu zainteresowa\u0144. To znalaz\u0142o r\u00f3wnie\u017c odzwierciedlenie w aktywno\u015bci badawczej i wyk\u0142adach na szeregu zagranicznych uczelni, g\u0142\u00f3wnie ameryka\u0144skich, takich jak University at Buffalo, Hunter College, Johns Hopkins University, George Washington University, Ohio State University. Wykonywa\u0142 szereg zada\u0144 na rzecz polskiej spo\u0142eczno\u015bci akademickiej: przez lata kierowa\u0142 Instytutem Socjologii UJ, jak te\u017c mi\u0119dzy innymi by\u0142 przewodnicz\u0105cym zespo\u0142u ds. studi\u00f3w socjologicznych w ramach Uniwersyteckiej Komisji Akredytacyjnej i przewodnicz\u0105cym Komitetu Socjologii Polskiej Akademii Nauk.&nbsp;<\/p>\n\n\n\n<p><em>Postscriptum od Autora: tak si\u0119 sk\u0142ada, \u017ce poruszanymi zagadnieniami zacz\u0105\u0142em si\u0119 uwa\u017cniej zajmowa\u0107 dok\u0142adnie trzydzie\u015bci pi\u0119\u0107 lat temu, przebywaj\u0105c na Uniwersytecie w Pizie. Moje p\u00f3\u017aniejsze zagraniczne losy by\u0142y, jak wspomniano, przede wszystkim zwi\u0105zane z pobytami na uniwersytetach ameryka\u0144skich, ale dobrze pami\u0119tam \u00f3w okres w\u0142oski w bardzo przyjaznym \u015brodowisku. Za\u015b Piazza dei Miracoli jest miejscem po prostu niepowtarzalnie pi\u0119knym. Gdy patrzy si\u0119 od strony zachodniej\u2026&nbsp;<\/em><\/p>\n\n\n\n<p><strong>Organizator:<\/strong><br>Instytut Socjologii Uniwersytetu Jagiello\u0144skiego w Krakowie<br><br><strong>Wsp\u00f3\u0142organizatorzy:<\/strong><br>Interdyscyplinarne Centrum Analiz Spo\u0142eczno-Prawnych UJ<br>Sekcja Socjologii Prawa Polskiego Towarzystwa Socjologicznego\u00a0<\/p>\n\n\n\n<figure class=\"wp-block-image size-large\"><img loading=\"lazy\" width=\"724\" height=\"1024\" src=\"https:\/\/pts.org.pl\/wp-content\/uploads\/2021\/04\/Klopotliwe-i-dyskusyjne-zagadnienia-welfare-724x1024.png\" alt=\"\" class=\"wp-image-5230\" srcset=\"https:\/\/pts.org.pl\/wp-content\/uploads\/2021\/04\/Klopotliwe-i-dyskusyjne-zagadnienia-welfare-724x1024.png 724w, https:\/\/pts.org.pl\/wp-content\/uploads\/2021\/04\/Klopotliwe-i-dyskusyjne-zagadnienia-welfare-212x300.png 212w, https:\/\/pts.org.pl\/wp-content\/uploads\/2021\/04\/Klopotliwe-i-dyskusyjne-zagadnienia-welfare-768x1086.png 768w, https:\/\/pts.org.pl\/wp-content\/uploads\/2021\/04\/Klopotliwe-i-dyskusyjne-zagadnienia-welfare-1086x1536.png 1086w, https:\/\/pts.org.pl\/wp-content\/uploads\/2021\/04\/Klopotliwe-i-dyskusyjne-zagadnienia-welfare-1448x2048.png 1448w, https:\/\/pts.org.pl\/wp-content\/uploads\/2021\/04\/Klopotliwe-i-dyskusyjne-zagadnienia-welfare.png 1587w\" sizes=\"(max-width: 724px) 100vw, 724px\" \/><\/figure>\n","protected":false},"excerpt":{"rendered":"<p>Szanowni Pa\u0144stwo,&nbsp; w imieniu Dyrektor Instytutu Socjologii UJ dr hab. Kai Gadowskiej, prof. UJ mamy przyjemno\u015b\u0107 serdecznie zaprosi\u0107 Pa\u0144stwa na\u00a0wyk\u0142ad Profesora Krzysztofa Frysztackiego pt. &#8220;K\u0142opotliwe i dyskusyjne zagadnienia\u00a0welfare&#8221;, kt\u00f3ry odb\u0119dzie si\u0119 w ramach cyklu Spotka\u0144 Mistrzowskich Instytutu Socjologii UJ \u2013 serii spotka\u0144 on-line z wybitnymi przedstawicielkami i przedstawicielami \u017cycia naukowego w Polsce i na \u015bwiecie. [&hellip;]<\/p>\n","protected":false},"author":11,"featured_media":0,"comment_status":"open","ping_status":"open","sticky":false,"template":"","format":"standard","meta":[],"categories":[],"tags":[],"_links":{"self":[{"href":"https:\/\/pts.org.pl\/en\/wp-json\/wp\/v2\/posts\/5229"}],"collection":[{"href":"https:\/\/pts.org.pl\/en\/wp-json\/wp\/v2\/posts"}],"about":[{"href":"https:\/\/pts.org.pl\/en\/wp-json\/wp\/v2\/types\/post"}],"author":[{"embeddable":true,"href":"https:\/\/pts.org.pl\/en\/wp-json\/wp\/v2\/users\/11"}],"replies":[{"embeddable":true,"href":"https:\/\/pts.org.pl\/en\/wp-json\/wp\/v2\/comments?post=5229"}],"version-history":[{"count":7,"href":"https:\/\/pts.org.pl\/en\/wp-json\/wp\/v2\/posts\/5229\/revisions"}],"predecessor-version":[{"id":5237,"href":"https:\/\/pts.org.pl\/en\/wp-json\/wp\/v2\/posts\/5229\/revisions\/5237"}],"wp:attachment":[{"href":"https:\/\/pts.org.pl\/en\/wp-json\/wp\/v2\/media?parent=5229"}],"wp:term":[{"taxonomy":"category","embeddable":true,"href":"https:\/\/pts.org.pl\/en\/wp-json\/wp\/v2\/categories?post=5229"},{"taxonomy":"post_tag","embeddable":true,"href":"https:\/\/pts.org.pl\/en\/wp-json\/wp\/v2\/tags?post=5229"}],"curies":[{"name":"wp","href":"https:\/\/api.w.org\/{rel}","templated":true}]}}