{"id":5218,"date":"2021-04-08T19:47:12","date_gmt":"2021-04-08T19:47:12","guid":{"rendered":"https:\/\/pts.org.pl\/?p=5218"},"modified":"2021-04-08T19:47:14","modified_gmt":"2021-04-08T19:47:14","slug":"seminarium-gusta-nasze-powszednie-czyli-wybory-muzyczne-polakow","status":"publish","type":"post","link":"https:\/\/pts.org.pl\/en\/seminarium-gusta-nasze-powszednie-czyli-wybory-muzyczne-polakow\/","title":{"rendered":"Seminarium: Gusta nasze powszednie czyli wybory muzyczne Polak\u00f3w"},"content":{"rendered":"<div class=\"fcbkbttn_buttons_block\" id=\"fcbkbttn_left\"><div class=\"fcbkbttn_button\">\n                            <a href=\"https:\/\/www.facebook.com\/\" target=\"_blank\">\n                                <img src=\"https:\/\/pts.org.pl\/wp-content\/plugins\/facebook-button-plugin\/images\/standard-facebook-ico.png\" alt=\"Fb-Button\" \/>\n                            <\/a>\n                        <\/div><div class=\"fcbkbttn_like \"><fb:like href=\"https:\/\/pts.org.pl\/en\/seminarium-gusta-nasze-powszednie-czyli-wybory-muzyczne-polakow\/\" action=\"like\" colorscheme=\"light\" layout=\"button_count\"  size=\"small\"><\/fb:like><\/div><\/div>\n<p>Sekcja Socjologii Sztuki Polskiego Towarzystwa Socjologicznego i Katedra Socjologii Kultury INS UKSW serdecznie zapraszaj\u0105 na seminarium naukowe pt.: <strong>\u201eGusta nasze powszednie czyli wybory muzyczne Polak\u00f3w\u201d<\/strong>, kt\u00f3re odb\u0119dzie si\u0119 <strong>14 kwietnia o godzinie 10:00 (online).<\/strong><\/p>\n\n\n\n<p>Link do spotkania:<\/p>\n\n\n\n<p><a href=\"https:\/\/uksw.webex.com\/uksw\/j.php?MTID=m31313b0f8877e9f2dcc5e5ad608ae162\">https:\/\/uksw.webex.com\/uksw\/j.php?MTID=m31313b0f8877e9f2dcc5e5ad608ae162<\/a><\/p>\n\n\n\n<p>Numer spotkania (kod dost\u0119pu): 121 261 6804<\/p>\n\n\n\n<p>Has\u0142o spotkania: 9UkWKsjFG33<\/p>\n\n\n\n<p>Prelegenci:<\/p>\n\n\n\n<p><strong>prof. dr hab. Henryk Doma\u0144ski (IFiS PAN), dr Dariusz Przybysz (IFiS PAN), dr Katarzyna Wyrzykowska (IFiS PAN), dr Kinga Zawadzka (IFiS PAN) <\/strong>\u2013 Wagner i Modern Talking na jednej playli\u015bcie? Odmiany omniworyzmu muzycznego w Polsce<\/p>\n\n\n\n<p><strong>dr hab. Rafa\u0142 Wi\u015bniewski, prof. ucz. (UKSW), Dyrektor Narodowego Centrum Kultury<\/strong> \u2013 Eufonie, kakofonie\u2026 uwag kilka na marginesie zapisanych o muzycznych wyborach polskiej m\u0142odzie\u017cy<\/p>\n\n\n\n<p><strong>dr hab. Barbara Jab\u0142o\u0144ska, prof. UJ<\/strong> \u2013 Praktyki muzyczne w czasach pandemii \u2013 wst\u0119pne uwagi socjologiczne<\/p>\n\n\n\n<p><strong>dr Micha\u0142 Cebula (UWr )<\/strong> \u2013 Wszystko\u017cerno\u015b\u0107 muzyczna a kapita\u0142 spo\u0142eczny na przyk\u0142adzie bada\u0144 spo\u0142eczno\u015bci wielkomiejskiej<\/p>\n\n\n\n<p>Spotkanie poprowadz\u0105: <strong>Agata Rozalska (UKSW)<\/strong> i <strong>Ma\u0142gorzata Jakiel<\/strong><\/p>\n\n\n\n<p>Wydarzenie b\u0119dzie doskona\u0142\u0105 okazj\u0105 do przyjrzenia si\u0119 zjawisku omniworyzmu (czyli tzw. wszystko\u017cerno\u015bci) z r\u00f3\u017cnych perspektyw. Zesp\u00f3\u0142 badaczy z IFIS PAN na czele z prof. Henrykiem Doma\u0144skim podkre\u015bla w swoich badaniach*<sup>1<\/sup> strukturalny w\u0105tek uwarunkowania gust\u00f3w czy praktyk muzycznych oraz r\u00f3\u017cnorodno\u015bci w korzystaniu z nich. Natomiast dr Micha\u0142 Cebula*<sup>2 <\/sup>stawia hipotez\u0119, i\u017c szeroko\u015b\u0107 upodoba\u0144 muzycznych jest funkcj\u0105 wielko\u015bci i r\u00f3\u017cnorodno\u015bci sieci osobistych, niezale\u017cnie od zmiennych kontrolnych (klasy spo\u0142ecznej, wieku, zamo\u017cno\u015bci). Prof. Rafa\u0142 Wi\u015bniewski z kolei om\u00f3wi wyniki badania sonda\u017cowego przeprowadzonego listopadzie 2020 roku, w kt\u00f3rym Narodowe Centrum Kultury powraca do tematu gust\u00f3w muzycznych m\u0142odzie\u017cy pytaj\u0105c mi\u0119dzy innymi o to, czego s\u0142uchaj\u0105 dzisiejsi nastolatkowie oraz jak\u0105 rol\u0119 odgrywa w ich \u017cyciu muzyka. Natomiast obecna sytuacja pandemiczna sk\u0142oni\u0142a prof. Barbar\u0119 Jab\u0142o\u0144sk\u0105 do sformu\u0142owania wst\u0119pnych uwag socjologicznych dotycz\u0105cych praktyk muzycznych w tym trudnym czasie.<\/p>\n\n\n\n<p>Link do wydarzenia na Facebooku: <a href=\"https:\/\/www.facebook.com\/events\/462769098370511\">https:\/\/www.facebook.com\/events\/462769098370511<\/a><\/p>\n\n\n\n<figure class=\"wp-block-image size-large\"><img loading=\"lazy\" width=\"1024\" height=\"576\" src=\"https:\/\/pts.org.pl\/wp-content\/uploads\/2021\/04\/166935565_154962926508813_6105714588886589083_n-1024x576.png\" alt=\"\" class=\"wp-image-5219\" srcset=\"https:\/\/pts.org.pl\/wp-content\/uploads\/2021\/04\/166935565_154962926508813_6105714588886589083_n-1024x576.png 1024w, https:\/\/pts.org.pl\/wp-content\/uploads\/2021\/04\/166935565_154962926508813_6105714588886589083_n-300x169.png 300w, https:\/\/pts.org.pl\/wp-content\/uploads\/2021\/04\/166935565_154962926508813_6105714588886589083_n-768x432.png 768w, https:\/\/pts.org.pl\/wp-content\/uploads\/2021\/04\/166935565_154962926508813_6105714588886589083_n-1536x864.png 1536w, https:\/\/pts.org.pl\/wp-content\/uploads\/2021\/04\/166935565_154962926508813_6105714588886589083_n.png 1920w\" sizes=\"(max-width: 1024px) 100vw, 1024px\" \/><\/figure>\n\n\n\n<hr class=\"wp-block-separator\"\/>\n\n\n\n<p>Informacje o Prelegentach:<\/p>\n\n\n\n<p><strong>Henryk Doma\u0144ski<\/strong> &#8211; Profesor w Instytucie Filozofii i Socjologii PAN.&nbsp; Zajmuje si\u0119 badaniem uwarstwienia spo\u0142ecznego, &nbsp;metodologi\u0105 bada\u0144 spo\u0142ecznych i mi\u0119dzynarodowymi badaniami por\u00f3wnawczymi. Redaktor naczelny czasopisma \u201eAsk. Research &amp; Methods\u201d, po\u015bwi\u0119conego metodologii bada\u0144 socjologicznych.<\/p>\n\n\n\n<p><strong>Dariusz Przybysz &#8211; <\/strong>adiunkt w Instytucie Filozofii i Socjologii Polskiej Akademii Nauk. Jego zainteresowania naukowe obejmuj\u0105 zagadnienia zwi\u0105zane z badaniem stratyfikacji spo\u0142ecznej, metodologi\u0119 bada\u0144 ilo\u015bciowych, jak r\u00f3wnie\u017c zastosowanie metod statystycznych i modeli matematycznych w naukach spo\u0142ecznych.<\/p>\n\n\n\n<p><br><strong>Katarzyna M. Wyrzykowska<\/strong> &#8211; socjolog kultury specjalizuj\u0105ca si\u0119 w badaniach kultury muzycznej, adiunkt w Instytucie Filozofii i Socjologii Polskiej Akademii Nauk. Jej zainteresowania badawcze obejmuj\u0105 takie zagadnienia jak stratyfikacja kultury, gust muzyczny i style \u017cycia, dystynkcje muzyczne i strategie w\u0142\u0105czania\/wykluczania&nbsp;<a href=\"http:\/\/wyrzykowska.net\/\" target=\"_blank\" rel=\"noreferrer noopener\">http:\/\/wyrzykowska.net\/<\/a><\/p>\n\n\n\n<p><strong>Kinga Zawadzka<\/strong> &#8211; adiunkt w Instytucie Filozofii i Socjologii Polskiej Akademii Nauk. Jej zainteresowania naukowe obejmuj\u0105 zagadnienia stratyfikacji spo\u0142ecznej, socjologii kultury, bada\u0144 nad stylami \u017cycia i metodologi\u0119 bada\u0144 jako\u015bciowych.<\/p>\n\n\n\n<p><strong>Rafa\u0142 Wi\u015bniewski<\/strong> \u2013 socjolog kultury, profesor nadzwyczajny&nbsp;Uniwersytetu Kardyna\u0142a Stefana Wyszy\u0144skiego w Warszawie, mened\u017cer kultury, dyrektor&nbsp;Narodowego Centrum Kultury.&nbsp;Prowadzi badania i publikuje z zakresu socjologii kultury.<\/p>\n\n\n\n<p><strong>Barbara Jab\u0142o\u0144ska<\/strong>&nbsp;&#8211; profesor nadzwyczajny w Instytucie Socjologii UJ. Jej zainteresowania naukowe koncentruj\u0105 si\u0119 mi\u0119dzy innymi wok\u00f3\u0142 zagadnie\u0144 zwi\u0105zanych z teori\u0105 kultury i sztuki, teoriami komunikacji oraz metodami bada\u0144 jako\u015bciowych. Zajmuje si\u0119 w szczeg\u00f3lno\u015bci problematyk\u0105 socjologii muzyki, komunikacji medialnej i sfery publicznej oraz analiz\u0105 dyskursu. Jest autork\u0105 prac z zakresu krytycznej analizy dyskursu &#8211; w tym ksi\u0105\u017cki pt.&nbsp;<em>O dyskursie politycznym na tematy europejskie<\/em>&nbsp;(2009) oraz monografii naukowej pt.&nbsp;<em>Socjologia muzyki&nbsp;<\/em>(2014). Prze\u0142o\u017cy\u0142a te\u017c na j\u0119zyk polski zbi\u00f3r esej\u00f3w Alfreda Sch\u00fctza pt.&nbsp;<em>O wielo\u015bci \u015bwiat\u00f3w. Szkice z socjologii fenomenologicznej&nbsp;<\/em>(2008). W latach 2016-2019 pe\u0142ni\u0142a funkcj\u0119 cz\u0142onkini zarz\u0105du Sekcji Socjologii Sztuki Polskiego Towarzystwa Socjologicznego.<\/p>\n\n\n\n<p><strong>Micha\u0142 Cebula<\/strong> \u2013 socjolog, adiunkt w Instytucie Socjologii Uniwersytetu Wroc\u0142awskiego. Do jego g\u0142\u00f3wnych zainteresowa\u0144 badawczych nale\u017c\u0105: problematyka stratyfikacji, klas spo\u0142ecznych, wzor\u00f3w konsumpcji, styl\u00f3w \u017cycia i sieci spo\u0142ecznych. Kierownik projektu badawczego \u201eStruktura spo\u0142eczna, sieci spo\u0142eczne a gust i praktyki konsumpcyjne\u201d (UMO-2016\/21\/D\/HS6\/02424). Jego prace by\u0142y publikowane m. in. w \u201ePolish Sociological Review\u201d, \u201eStudiach Socjologicznych\u201d, \u201ePrzegl\u0105dzie Socjologicznym\u201d i \u201eKulturze i Spo\u0142ecze\u0144stwie\u201d.<\/p>\n\n\n\n<p>*<sup>1<\/sup><strong> <\/strong>Projekt \u201eDystynkcje muzyczne. Gust muzyczny i stratyfikacja spo\u0142eczna a proces kszta\u0142towania si\u0119 styl\u00f3w \u017cycia Polak\u00f3w\u201d realizowany jest w Instytucie Filozofii i Socjologii Polskiej Akademii Nauk w ramach grantu przyznanego przez Narodowe Centrum Nauki (nr grantu: UMO-2017\/25\/B\/HS6\/01929). Kierownikiem badania jest prof. dr hab. Henryk Doma\u0144ski. Badanie ankietowe zrealizowane zosta\u0142o przez konsorcjum firm DANAE i Realizacja. Wi\u0119cej informacji mo\u017cna znale\u017a\u0107 na stronie internetowej&nbsp;<a href=\"http:\/\/www.md.ifispan.pl\/\" target=\"_blank\" rel=\"noreferrer noopener\">http:\/\/www.md.ifispan.pl<\/a>.<\/p>\n\n\n\n<p>*<sup>2&nbsp; <\/sup>W prezentacji zostan\u0105 wykorzystane dane sonda\u017cowe zebrane na reprezentatywnej pr\u00f3bie doros\u0142ych mieszka\u0144c\u00f3w Wroc\u0142awia w 2017 r. w ramach projektu \u201eStruktura spo\u0142eczna, sieci spo\u0142eczne a gust i praktyki konsumpcyjne\u201d, finansowanego przez Narodowe Centrum Nauki (UMO-2016\/21\/D\/HS6\/02424).<strong><\/strong><\/p>\n","protected":false},"excerpt":{"rendered":"<p>Sekcja Socjologii Sztuki Polskiego Towarzystwa Socjologicznego i Katedra Socjologii Kultury INS UKSW serdecznie zapraszaj\u0105 na seminarium naukowe pt.: \u201eGusta nasze powszednie czyli wybory muzyczne Polak\u00f3w\u201d, kt\u00f3re odb\u0119dzie si\u0119 14 kwietnia o godzinie 10:00 (online). Link do spotkania: https:\/\/uksw.webex.com\/uksw\/j.php?MTID=m31313b0f8877e9f2dcc5e5ad608ae162 Numer spotkania (kod dost\u0119pu): 121 261 6804 Has\u0142o spotkania: 9UkWKsjFG33 Prelegenci: prof. dr hab. Henryk Doma\u0144ski (IFiS [&hellip;]<\/p>\n","protected":false},"author":11,"featured_media":0,"comment_status":"open","ping_status":"open","sticky":false,"template":"","format":"standard","meta":[],"categories":[],"tags":[],"_links":{"self":[{"href":"https:\/\/pts.org.pl\/en\/wp-json\/wp\/v2\/posts\/5218"}],"collection":[{"href":"https:\/\/pts.org.pl\/en\/wp-json\/wp\/v2\/posts"}],"about":[{"href":"https:\/\/pts.org.pl\/en\/wp-json\/wp\/v2\/types\/post"}],"author":[{"embeddable":true,"href":"https:\/\/pts.org.pl\/en\/wp-json\/wp\/v2\/users\/11"}],"replies":[{"embeddable":true,"href":"https:\/\/pts.org.pl\/en\/wp-json\/wp\/v2\/comments?post=5218"}],"version-history":[{"count":1,"href":"https:\/\/pts.org.pl\/en\/wp-json\/wp\/v2\/posts\/5218\/revisions"}],"predecessor-version":[{"id":5220,"href":"https:\/\/pts.org.pl\/en\/wp-json\/wp\/v2\/posts\/5218\/revisions\/5220"}],"wp:attachment":[{"href":"https:\/\/pts.org.pl\/en\/wp-json\/wp\/v2\/media?parent=5218"}],"wp:term":[{"taxonomy":"category","embeddable":true,"href":"https:\/\/pts.org.pl\/en\/wp-json\/wp\/v2\/categories?post=5218"},{"taxonomy":"post_tag","embeddable":true,"href":"https:\/\/pts.org.pl\/en\/wp-json\/wp\/v2\/tags?post=5218"}],"curies":[{"name":"wp","href":"https:\/\/api.w.org\/{rel}","templated":true}]}}