{"id":5198,"date":"2021-04-01T19:44:34","date_gmt":"2021-04-01T19:44:34","guid":{"rendered":"https:\/\/pts.org.pl\/?p=5198"},"modified":"2021-04-01T19:44:36","modified_gmt":"2021-04-01T19:44:36","slug":"spotkanie-dla-kogo-i-jakie-zyski-z-rewitalizacji-miasta","status":"publish","type":"post","link":"https:\/\/pts.org.pl\/en\/spotkanie-dla-kogo-i-jakie-zyski-z-rewitalizacji-miasta\/","title":{"rendered":"Spotkanie: Dla kogo i jakie zyski z rewitalizacji miasta?"},"content":{"rendered":"<div class=\"fcbkbttn_buttons_block\" id=\"fcbkbttn_left\"><div class=\"fcbkbttn_button\">\n                            <a href=\"https:\/\/www.facebook.com\/\" target=\"_blank\">\n                                <img src=\"https:\/\/pts.org.pl\/wp-content\/plugins\/facebook-button-plugin\/images\/standard-facebook-ico.png\" alt=\"Fb-Button\" \/>\n                            <\/a>\n                        <\/div><div class=\"fcbkbttn_like \"><fb:like href=\"https:\/\/pts.org.pl\/en\/spotkanie-dla-kogo-i-jakie-zyski-z-rewitalizacji-miasta\/\" action=\"like\" colorscheme=\"light\" layout=\"button_count\"  size=\"small\"><\/fb:like><\/div><\/div>\n<p>Referat wyg\u0142osi: <\/p>\n\n\n\n<p>dr S\u0142awomir Palicki<br>(Katedra Inwestycji i Nieruchomo\u015bci UEP)<\/p>\n\n\n\n<p>Udzia\u0142 wezm\u0105:<\/p>\n\n\n\n<p>dr in\u017c. arch. Bartosz Ka\u017amierczak<br>(Wydzia\u0142 Architektury PP)<\/p>\n\n\n\n<p>prof. UAM dr hab. Marek Nowak<br>(Wydzia\u0142 Socjologii UAM)<\/p>\n\n\n\n<p>Wydarzenie odb\u0119dzie si\u0119 online 12 kwietnia 2021 r. (poniedzia\u0142ek) o godz. 18:00.<\/p>\n\n\n\n<p>Link do spotkania:<br><a rel=\"noreferrer noopener\" href=\"https:\/\/teams.microsoft.com\/l\/meetup-join\/19%3af697da9568774079a9dfabf78e11f994%40thread.tacv2\/1617271572340?context=%7B%22Tid%22%3A%2273689ee1-b42f-4e25-a5f6-66d1f29bc092%22%2C%22Oid%22%3A%2248643ca4-ce63-4cb0-990c-bdeaea3439ea%22%7D&amp;fbclid=IwAR1cXfyOAaDQ4kbWHIcU_U5ol3wCmkaQiibOm6cNJZfTLbIwOY2cnau0bSY\" target=\"_blank\">https:\/\/teams.microsoft.com\/&#8230;\/19&#8230;\/1617271572340&#8230;<\/a><\/p>\n\n\n\n<p>Spotkanie pt. \u201eDla kogo i jakie zyski z rewitalizacji miasta? Spojrzenie ekonomisty, socjologa i architekta urbanisty\u201d po\u015bwi\u0119cone b\u0119dzie zagadnieniu kreowania nowego rodzaju warto\u015bci dodanej na obszarach rewitalizowanych polskich miast, analizowany w pracy: \u201eRewitalizacja miast. Perspektywa rynku nieruchomo\u015bci mieszkaniowych\u201d (2020).<\/p>\n\n\n\n<p>Przedmiotem studi\u00f3w autora by\u0142 rynek nieruchomo\u015bci, a precyzyjniej dane transakcyjne zbierane na okre\u015blonym obszarze miast, w okre\u015blonym przedziale czasowym (wraz z informacjami na temat cech podlegaj\u0105cych rynkowemu obrotowi nieruchomo\u015bci). Owa warto\u015b\u0107 dodana inwestycji na obszarach rewitalizowanych niekoniecznie wynika\u0142a z faktycznych, ale cz\u0119sto z antycypowanych zmian, b\u0105d\u017a zmian b\u0119d\u0105cych konsekwencj\u0105 publicznych interwencji w jako\u015b\u0107 przestrzeni publicznych. Mo\u017cna to rozumie\u0107, u\u017cywaj\u0105c innych s\u0142\u00f3w, jako \u201ezewn\u0119trzny\u201d (niezale\u017cny od inwestora) przyrost atrakcyjno\u015bci prywatnych zasob\u00f3w mieszkaniowych, niewynikaj\u0105cy z indywidualnych nak\u0142ad\u00f3w, ale b\u0119d\u0105cy konsekwencj\u0105 zmian warto\u015bci o charakterze spekulacyjnym, a to oznacza, \u017ce powstaje nienale\u017cna renta rewitalizacyjna. Rynek nieruchomo\u015bci przechwytuje te \u015brodki, tym samym je prywatyzuj\u0105c.<\/p>\n\n\n\n<p>Antycypowanie zmian oraz inwestycje publiczne mog\u0105 zatem prowadzi\u0107 do wzbudzania i dynamizacji spekulacji, a nazbyt wysokie tempo wzrostu warto\u015bci rynkowej nieruchomo\u015bci prowadzi wprost do gentryfikacji, kt\u00f3ra de facto niweczy mo\u017cliwo\u015bci osi\u0105gni\u0119cia cel\u00f3w rewitalizacji. Celami tymi s\u0105 np. poprawa jako\u015bci zamieszkania na obszarach rewitalizowanych oraz zmniejszenie presji zwi\u0105zanej z pustoszeniem obszar\u00f3w zagro\u017conych degradacj\u0105. Podczas prezentacji autor odwo\u0142a si\u0119 do konkretnych przyk\u0142ad\u00f3w, ilustruj\u0105c je danymi, a jego wypowied\u017a skomentuje dw\u00f3ch specjalist\u00f3w: socjolog i architekt urbanista.<br><\/p>\n\n\n\n<p>Wydarzenie odb\u0119dzie si\u0119 w ramach cyklu seminari\u00f3w, kt\u00f3rych celem jest upowszechnienie wynik\u00f3w wsp\u00f3\u0142cze\u015bnie prowadzonych bada\u0144 w obszarze nauk spo\u0142ecznych. Chcemy uchwyci\u0107 r\u00f3\u017cnorodno\u015b\u0107 \u017cycia spo\u0142ecznego i przekona\u0107 si\u0119 o potencjale poznawczym odmiennych perspektyw \u2013 praktycznych i teoretycznych \u2013 wykorzystywanych w badaniach.<\/p>\n\n\n\n<p>Spotkania s\u0105 organizowane w stulecie za\u0142o\u017cenia w Poznaniu Instytutu Socjologicznego, funkcjonuj\u0105cego od 1928 r. jako Polski Instytut Socjologiczny. By\u0142 on og\u00f3lnokrajow\u0105, posiadaj\u0105c\u0105 oddzia\u0142y w innych miastach, organizacj\u0105 naukow\u0105, kt\u00f3ra prowadzi\u0142a dzia\u0142alno\u015b\u0107 badawcz\u0105, organizacyjn\u0105 i wsp\u00f3\u0142pracowa\u0142a z podobnymi plac\u00f3wkami na \u015bwiecie. Jej zas\u0142ug\u0105 by\u0142a integracja socjologicznie zorientowanych badaczy i badaczek z r\u00f3\u017cnych o\u015brodk\u00f3w naukowych w Polsce, o r\u00f3\u017cnych tradycjach i paradygmatach, co odzwierciedla\u0142y m.in. publikowane przez Instytut monografie, a tak\u017ce artyku\u0142y zamieszczane w jego \u201ePrzegl\u0105dzie Socjologicznym&#8221;.<\/p>\n\n\n\n<p>Do udzia\u0142u w seminariach, organizowanych w duchu idei promowanych przez Polski Instytut Socjologiczny, zapraszaj\u0105 Fundacja Naukowa im. Floriana Znanieckiego, Wydzia\u0142 Socjologii Uniwersytetu im. Adama Mickiewicza, Polskie Towarzystwo Socjologiczne (Oddzia\u0142 Pozna\u0144ski) oraz Pozna\u0144skie Towarzystwo Przyjaci\u00f3\u0142 Nauk.<\/p>\n\n\n\n<p>Pozdrawiamy i zapraszamy!<\/p>\n\n\n\n<p>Organizatorzy<\/p>\n\n\n\n<figure class=\"wp-block-image size-large\"><img loading=\"lazy\" width=\"1024\" height=\"539\" src=\"https:\/\/pts.org.pl\/wp-content\/uploads\/2021\/04\/Dla-kogo-i-jakie-zyski-z-rewitalizacji-miasta-1024x539.jpg\" alt=\"\" class=\"wp-image-5200\" srcset=\"https:\/\/pts.org.pl\/wp-content\/uploads\/2021\/04\/Dla-kogo-i-jakie-zyski-z-rewitalizacji-miasta-1024x539.jpg 1024w, https:\/\/pts.org.pl\/wp-content\/uploads\/2021\/04\/Dla-kogo-i-jakie-zyski-z-rewitalizacji-miasta-300x158.jpg 300w, https:\/\/pts.org.pl\/wp-content\/uploads\/2021\/04\/Dla-kogo-i-jakie-zyski-z-rewitalizacji-miasta-768x404.jpg 768w, https:\/\/pts.org.pl\/wp-content\/uploads\/2021\/04\/Dla-kogo-i-jakie-zyski-z-rewitalizacji-miasta.jpg 1462w\" sizes=\"(max-width: 1024px) 100vw, 1024px\" \/><\/figure>\n","protected":false},"excerpt":{"rendered":"<p>Referat wyg\u0142osi: dr S\u0142awomir Palicki(Katedra Inwestycji i Nieruchomo\u015bci UEP) Udzia\u0142 wezm\u0105: dr in\u017c. arch. Bartosz Ka\u017amierczak(Wydzia\u0142 Architektury PP) prof. UAM dr hab. Marek Nowak(Wydzia\u0142 Socjologii UAM) Wydarzenie odb\u0119dzie si\u0119 online 12 kwietnia 2021 r. (poniedzia\u0142ek) o godz. 18:00. Link do spotkania:https:\/\/teams.microsoft.com\/&#8230;\/19&#8230;\/1617271572340&#8230; Spotkanie pt. \u201eDla kogo i jakie zyski z rewitalizacji miasta? Spojrzenie ekonomisty, socjologa i [&hellip;]<\/p>\n","protected":false},"author":11,"featured_media":0,"comment_status":"open","ping_status":"open","sticky":false,"template":"","format":"standard","meta":[],"categories":[],"tags":[],"_links":{"self":[{"href":"https:\/\/pts.org.pl\/en\/wp-json\/wp\/v2\/posts\/5198"}],"collection":[{"href":"https:\/\/pts.org.pl\/en\/wp-json\/wp\/v2\/posts"}],"about":[{"href":"https:\/\/pts.org.pl\/en\/wp-json\/wp\/v2\/types\/post"}],"author":[{"embeddable":true,"href":"https:\/\/pts.org.pl\/en\/wp-json\/wp\/v2\/users\/11"}],"replies":[{"embeddable":true,"href":"https:\/\/pts.org.pl\/en\/wp-json\/wp\/v2\/comments?post=5198"}],"version-history":[{"count":2,"href":"https:\/\/pts.org.pl\/en\/wp-json\/wp\/v2\/posts\/5198\/revisions"}],"predecessor-version":[{"id":5201,"href":"https:\/\/pts.org.pl\/en\/wp-json\/wp\/v2\/posts\/5198\/revisions\/5201"}],"wp:attachment":[{"href":"https:\/\/pts.org.pl\/en\/wp-json\/wp\/v2\/media?parent=5198"}],"wp:term":[{"taxonomy":"category","embeddable":true,"href":"https:\/\/pts.org.pl\/en\/wp-json\/wp\/v2\/categories?post=5198"},{"taxonomy":"post_tag","embeddable":true,"href":"https:\/\/pts.org.pl\/en\/wp-json\/wp\/v2\/tags?post=5198"}],"curies":[{"name":"wp","href":"https:\/\/api.w.org\/{rel}","templated":true}]}}