{"id":5175,"date":"2021-03-16T14:13:08","date_gmt":"2021-03-16T14:13:08","guid":{"rendered":"https:\/\/pts.org.pl\/?p=5175"},"modified":"2021-03-16T14:13:10","modified_gmt":"2021-03-16T14:13:10","slug":"miedzynarodowa-konferencja-classless-society-and-recognition-gap-interdisciplinary-approach","status":"publish","type":"post","link":"https:\/\/pts.org.pl\/en\/miedzynarodowa-konferencja-classless-society-and-recognition-gap-interdisciplinary-approach\/","title":{"rendered":"Mi\u0119dzynarodowa konferencja: CLASS(LESS) SOCIETY AND RECOGNITION GAP? INTERDISCIPLINARY APPROACH"},"content":{"rendered":"<div class=\"fcbkbttn_buttons_block\" id=\"fcbkbttn_left\"><div class=\"fcbkbttn_button\">\n                            <a href=\"https:\/\/www.facebook.com\/\" target=\"_blank\">\n                                <img src=\"https:\/\/pts.org.pl\/wp-content\/plugins\/facebook-button-plugin\/images\/standard-facebook-ico.png\" alt=\"Fb-Button\" \/>\n                            <\/a>\n                        <\/div><div class=\"fcbkbttn_like \"><fb:like href=\"https:\/\/pts.org.pl\/en\/miedzynarodowa-konferencja-classless-society-and-recognition-gap-interdisciplinary-approach\/\" action=\"like\" colorscheme=\"light\" layout=\"button_count\"  size=\"small\"><\/fb:like><\/div><\/div>\n<p>W imieniu organizator\u00f3w, serdecznie zapraszamy Pa\u0144stwa do wzi\u0119cia udzia\u0142u w mi\u0119dzynarodowej \u00a0konferencji: <strong>CLASS(LESS) SOCIETY AND RECOGNITION GAP?\u00a0INTERDISCIPLINARY APPROACH<\/strong>\u00a0<\/p>\n\n\n\n<p>Pierwszego dnia wyk\u0142ad (w ramach Key Note lecture) wyg\u0142osi\u00a0Mich\u00e8le Lamont \u2013 Professor of Sociology, Harvard University (Czwartek,\u00a016.30\u201318.00)\u00a0<\/p>\n\n\n\n<p>Konferencja sko\u0144czy si\u0119 polskoj\u0119zyczn\u0105 debat\u0105 po\u015bwi\u0119con\u0105 dystrybucji szacunku w spo\u0142ecze\u0144stwie polskim.\u00a0Wezm\u0105 w niej udzia\u0142 Julia Kubisa, Anna Giza-Poleszczuk, Pawe\u0142\u00a0\u015apiewak, Edwin Bendyk, Ludwik Dorn. Prowadzenie: Piotr Kulas\u00a0(Pi\u0105tek,\u00a016.30\u201318.00)\u00a0<\/p>\n\n\n\n<p>Konferencja odb\u0119dzie si\u0119 18-19 marca, po zalogowaniu na link:<a rel=\"noreferrer noopener\" href=\"https:\/\/us02web.zoom.us\/j\/84918402871\" target=\"_blank\">https:\/\/us02web.zoom.us\/j\/84918402871<\/a><\/p>\n\n\n\n<p>Wcze\u015bniejsza rejestracja nie jest wymagana.\u00a0\u00a0<\/p>\n\n\n\n<p>Organizator: Faculty of &#8220;Artes Liberales&#8221; &amp; Faculty of Sociology, University of Warsaw\u00a0\u00a0<\/p>\n\n\n\n<p>Pe\u0142ny program wraz z abstraktami w poni\u017cszym za\u0142\u0105czniku.\u00a0\u00a0<\/p>\n\n\n\n<div class=\"wp-block-file\"><a href=\"https:\/\/pts.org.pl\/wp-content\/uploads\/2021\/03\/Classless-Society-and-Recognition-Gap.-Interdisciplinary-Approach-1.pdf\">Class(less) Society and Recognition Gap. Interdisciplinary Approach (1)<\/a><a href=\"https:\/\/pts.org.pl\/wp-content\/uploads\/2021\/03\/Classless-Society-and-Recognition-Gap.-Interdisciplinary-Approach-1.pdf\" class=\"wp-block-file__button\" download>Pobierz<\/a><\/div>\n\n\n\n<p><\/p>\n","protected":false},"excerpt":{"rendered":"<p>W imieniu organizator\u00f3w, serdecznie zapraszamy Pa\u0144stwa do wzi\u0119cia udzia\u0142u w mi\u0119dzynarodowej \u00a0konferencji: CLASS(LESS) SOCIETY AND RECOGNITION GAP?\u00a0INTERDISCIPLINARY APPROACH\u00a0 Pierwszego dnia wyk\u0142ad (w ramach Key Note lecture) wyg\u0142osi\u00a0Mich\u00e8le Lamont \u2013 Professor of Sociology, Harvard University (Czwartek,\u00a016.30\u201318.00)\u00a0 Konferencja sko\u0144czy si\u0119 polskoj\u0119zyczn\u0105 debat\u0105 po\u015bwi\u0119con\u0105 dystrybucji szacunku w spo\u0142ecze\u0144stwie polskim.\u00a0Wezm\u0105 w niej udzia\u0142 Julia Kubisa, Anna Giza-Poleszczuk, Pawe\u0142\u00a0\u015apiewak, Edwin [&hellip;]<\/p>\n","protected":false},"author":11,"featured_media":0,"comment_status":"open","ping_status":"open","sticky":false,"template":"","format":"standard","meta":[],"categories":[],"tags":[],"_links":{"self":[{"href":"https:\/\/pts.org.pl\/en\/wp-json\/wp\/v2\/posts\/5175"}],"collection":[{"href":"https:\/\/pts.org.pl\/en\/wp-json\/wp\/v2\/posts"}],"about":[{"href":"https:\/\/pts.org.pl\/en\/wp-json\/wp\/v2\/types\/post"}],"author":[{"embeddable":true,"href":"https:\/\/pts.org.pl\/en\/wp-json\/wp\/v2\/users\/11"}],"replies":[{"embeddable":true,"href":"https:\/\/pts.org.pl\/en\/wp-json\/wp\/v2\/comments?post=5175"}],"version-history":[{"count":1,"href":"https:\/\/pts.org.pl\/en\/wp-json\/wp\/v2\/posts\/5175\/revisions"}],"predecessor-version":[{"id":5177,"href":"https:\/\/pts.org.pl\/en\/wp-json\/wp\/v2\/posts\/5175\/revisions\/5177"}],"wp:attachment":[{"href":"https:\/\/pts.org.pl\/en\/wp-json\/wp\/v2\/media?parent=5175"}],"wp:term":[{"taxonomy":"category","embeddable":true,"href":"https:\/\/pts.org.pl\/en\/wp-json\/wp\/v2\/categories?post=5175"},{"taxonomy":"post_tag","embeddable":true,"href":"https:\/\/pts.org.pl\/en\/wp-json\/wp\/v2\/tags?post=5175"}],"curies":[{"name":"wp","href":"https:\/\/api.w.org\/{rel}","templated":true}]}}