{"id":5173,"date":"2021-03-16T13:58:04","date_gmt":"2021-03-16T13:58:04","guid":{"rendered":"https:\/\/pts.org.pl\/?p=5173"},"modified":"2021-03-16T13:58:06","modified_gmt":"2021-03-16T13:58:06","slug":"seminarium-sekcji-relacji-miedzygatunkowych","status":"publish","type":"post","link":"https:\/\/pts.org.pl\/en\/seminarium-sekcji-relacji-miedzygatunkowych\/","title":{"rendered":"Seminarium Sekcji Relacji Mi\u0119dzygatunkowych"},"content":{"rendered":"<div class=\"fcbkbttn_buttons_block\" id=\"fcbkbttn_left\"><div class=\"fcbkbttn_button\">\n                            <a href=\"https:\/\/www.facebook.com\/\" target=\"_blank\">\n                                <img src=\"https:\/\/pts.org.pl\/wp-content\/plugins\/facebook-button-plugin\/images\/standard-facebook-ico.png\" alt=\"Fb-Button\" \/>\n                            <\/a>\n                        <\/div><div class=\"fcbkbttn_like \"><fb:like href=\"https:\/\/pts.org.pl\/en\/seminarium-sekcji-relacji-miedzygatunkowych\/\" action=\"like\" colorscheme=\"light\" layout=\"button_count\"  size=\"small\"><\/fb:like><\/div><\/div>\n<p>Z wielk\u0105&nbsp;przyjemno\u015bci\u0105&nbsp;zapraszamy na kolejne, trzecie ju\u017c&nbsp;Seminarium Otwarte Sekcji Relacji Mi\u0119dzygatunkowych PTS. Zach\u0119camy Was do udzia\u0142u w spotkaniu z prof. Ann\u0105&nbsp;Nacher i Markiem Styczy\u0144skim. Tematem naszego seminarium b\u0119dzie Postantropocen: Matecznik-nie-tylko-ludzki (Not-Only-Human-Habitat).<\/p>\n\n\n\n<p>Zapraszamy 18.03.2021 o godzinie 18:00.<br>Link do spotkania:<\/p>\n\n\n\n<p><a href=\"https:\/\/zoom.us\/j\/98582922488?pwd=ejkwMWRwbmRSZUMycEdUWTAxcVNHQT09&amp;fbclid=IwAR16hflD8OIL1cRiwxX38PnDx1kglIhrYlWTJxx0_hLfu3b8eBktnhPu9zo\" target=\"_blank\" rel=\"noreferrer noopener\">https:\/\/zoom.us\/j\/98582922488&#8230;<\/a><br>Meeting ID: 985 8292 2488<br>Passcode: 537997<\/p>\n\n\n\n<p>Wi\u0119cej o trzecim seminarium i naszych go\u015bciach:<\/p>\n\n\n\n<p>Nasze wyst\u0105pienie chcieliby\u015bmy po\u015bwi\u0119ci\u0107&nbsp;pytaniom o&nbsp;\u017cycie po kryzysie, innymi s\u0142owy: w postantropocenie. Po\u015bwi\u0119cimy odrobin\u0119&nbsp;uwagi definiowaniu owego \u201epost\u201d, kt\u00f3re wpisuje si\u0119&nbsp;w szereg innych moment\u00f3w kulturowego przesilenia czy wyczerpania. Naszym zdaniem \u2013 z perspektywy nieustannego transwersalnego ruchu mi\u0119dzy uniwersytetem, wiedz\u0105&nbsp;usytuowan\u0105&nbsp;i uciele\u015bnionym s\u0142uchaniem konkretnego miejsca \u2013 obecna debata wok\u00f3\u0142&nbsp;kategorii antropocenu wci\u0105\u017c&nbsp;zbyt rzadko oferuje scenariusze dzia\u0142a\u0144&nbsp;mog\u0105cych przezwyci\u0119\u017cy\u0107&nbsp;dotkliwe kryzysy ekologiczne i spo\u0142eczne. Z perspektywy Biotopu Lechnica, w kt\u00f3rym oboje od siedmiu lat tworzymy permakulturowy ogr\u00f3d oparty na wsp\u00f3\u0142-budowaniu z zastanym miejscem i otoczeniem, potrzebujemy znacznie mocniejszej transwersalno\u015bci i ruchu ponad granicami oddzielaj\u0105cymi akademick\u0105&nbsp;refleksj\u0119&nbsp;od praktycznego dzia\u0142ania, nauki przyrodnicze i naukow\u0105&nbsp;ekologi\u0119&nbsp;od humanistyki, zainteresowanie analiz\u0105&nbsp;strukturaln\u0105&nbsp;od cz\u0119sto niewygodnego i zanieczyszczonego konkretu. Oprzemy si\u0119&nbsp;na naszej wst\u0119pnej koncepcji Matecznika-nie-tylko-ludzkiego, pokazuj\u0105c, jak wygl\u0105da w praktyce budowanie alians\u00f3w z nie-ludzkimi innymi (tak\u017ce z ich perspektywy).<\/p>\n\n\n\n<p>Dodatkowe konteksty:<\/p>\n\n\n\n<p>Anna Nacher, Post(?)antropoceniczne s\u0142uchanie wody, wyk\u0142ad i wideoesej w ramach cyklu Stan Czuwania, ASP w Katowicach&nbsp;<a href=\"https:\/\/www.youtube.com\/watch?v=RCIxxFqWTvw&amp;fbclid=IwAR1-o9pPDuxGhFY5UboBy2UG8jhgyr_tOD0-lx3Q09ueNiuj9zPD_6c7ZgQ\" target=\"_blank\" rel=\"noreferrer noopener\">https:\/\/www.youtube.com\/watch?v=RCIxxFqWTvw<\/a><\/p>\n\n\n\n<p>Anna Nacher, Zamieszkiwanie. O&nbsp;\u017cyciu na ruinach, S\u0142ownik przysz\u0142o\u015bci (Forum Przysz\u0142osci Kultury 2018),&nbsp;<a href=\"http:\/\/forumprzyszloscikultury.pl\/upload\/2018\/12\/zamieszkiwanie-a-nacher.pdf?fbclid=IwAR0597Ijz8GJQy0Zms5r4Bod7zCgNP3VA_YJ88HD2axmshcwZYaIKct2oJg\" target=\"_blank\" rel=\"noreferrer noopener\">http:\/\/forumprzyszloscikultury.pl\/&#8230;\/zamieszkiwanie-a&#8230;<\/a><\/p>\n\n\n\n<p>Marek Styczy\u0144ski, Ro\u015bliny \u2013 nowe wizje i praktyki spo\u0142eczne, Czas Kultury 3\/2017<\/p>\n\n\n\n<p>Zbi\u00f3r zasad radykalnego zamieszkiwania w Mateczniku-nie-tylko-ludzkim (Not-only-human-habitat, NOHH)<br>1. Pozamaterialno\u015b\u0107. Dom \/ zamieszkiwanie ma aspekt duchowy i pe\u0142ni dost\u0119pne role spo\u0142eczne: jest przestrzeni\u0105&nbsp;muzealn\u0105, biblioteczno-czytelnicz\u0105, wystawow\u0105, artystyczn\u0105, a tak\u017ce miejscem rezydencji artystycznej i naukowej.<br>2. Koegzystencja. Dom \/ zamieszkiwanie dostosowuje si\u0119&nbsp;do potrzeb pe\u0142nienia roli nowej (odludzkiej) niszy ekologicznej dla&nbsp;\u017cywych element\u00f3w&nbsp;\u015brodowiska pozaludzkiego i buduje matecznik nie tylko ludzki (Not Only Human Habitat). Tworzy w ten spos\u00f3b zas\u00f3b wiedzy i umiej\u0119tno\u015bci mo\u017cliwy do inicjowania w innych miejscach jako NOHH system. NOHH jest systemem otwartym, elastycznym, nakierowanym na uczenie si\u0119&nbsp;i wykraczaj\u0105cym poza rol\u0119&nbsp;okazjonalnego schronienia. NOHH tworzy&nbsp;\u015bwiadomie nowy efekt styku dla zainicjowania ekotonu z udzia\u0142em ludzi.<br>3. Niezale\u017cno\u015b\u0107. Dom \/ zamieszkiwanie jest sytuowane poza sieciami (off the grid) i\/lub tworzy alternatywne systemy mieszane, kt\u00f3rych celem jest maksymalna niezale\u017cno\u015b\u0107&nbsp;energetyczna i zamkni\u0119ty obieg wody, a tak\u017ce mo\u017cliwie pe\u0142ny recycling odpad\u00f3w i d\u0105\u017cenie do zero waste. Bycie poza sieciami ma wymiar duchowy, akceptuje diagnoz\u0119&nbsp;m\u00f3wi\u0105c\u0105&nbsp;o \u201e\u017cyciu na ruinach\u201d, cechuje je brak dogmat\u00f3w i praca nad nowym j\u0119zykiem oraz praktykami uwzgl\u0119dniaj\u0105cymi koegzystencje z&nbsp;\u017cyciem pozaludzkim.<br>4. Trwa\u0142o\u015b\u0107. Dom \/ zamieszkiwanie jest remontowany i utrzymywany w spos\u00f3b niezmieniaj\u0105cy jego tradycyjnego, bioregionalnego charakteru (bry\u0142y, proporcji, kolorystyki, materia\u0142\u00f3w, sposob\u00f3w konstrukcji i posadowienia), co nie wyklucza wykorzystania aktualnie dost\u0119pnych rozwi\u0105za\u0144&nbsp;i materia\u0142\u00f3w, zapewniaj\u0105cych d\u0142ugotrwa\u0142\u0105&nbsp;ochron\u0119. Preferuje si\u0119&nbsp;raczej naprawianie ni\u017c&nbsp;zamienianie na nowe. Nie oznacza to mechanicznego trzymania si\u0119&nbsp;wadliwych rozwi\u0105za\u0144&nbsp;z przesz\u0142o\u015bci. Dom jest cz\u0119\u015bci\u0105&nbsp;permakultury \u2013 projektem zr\u00f3\u017cnowa\u017conym i samoreguluj\u0105cym si\u0119&nbsp;\u2013 i stanowi wraz z bliskim otoczeniem jedn\u0105&nbsp;z jej podstawowych stref.<\/p>\n\n\n\n<p>___________<br>Anna Nacher: Profesor nadzwyczajna Uniwersytetu Jagiello\u0144skiego, kulturoznawczyni. Jej zainteresowania naukowe koncentruj\u0105&nbsp;si\u0119&nbsp;na sztuce wsp\u00f3\u0142czesnej i sztuce nowych medi\u00f3w, kulturze cyfrowej i literaturze elektronicznej. Zajmuje si\u0119&nbsp;tak\u017ce sztuk\u0105&nbsp;d\u017awi\u0119ku i refleksj\u0105&nbsp;nad naturokulturami. Ma na koncie trzy ksi\u0105\u017cki autorskie, najnowsza publikacja: \u201c<a href=\"https:\/\/www.facebook.com\/hashtag\/blackprotest?__eep__=6&amp;__cft__%5b0%5d=AZUiVYl3jBh8jPCcaMQfHpLgMkHVrwKX85t-aWuSga2wGsS8ABkX-qIcH89vf0eyzLuTrBBdb47L6jqjiisOY5262MbU1j-bQOPmRBhpnTXJxkFZ0zsd6EWsx-m6S9YBpJ8&amp;__tn__=q\" target=\"_blank\" rel=\"noreferrer noopener\"><strong>#BlackProtest<\/strong><\/a>&nbsp;from the web to the streets and back: Feminist digital activism in Poland and narrative potential of the hashtag\u201d, European Journal of Women&#8217;s Studies, November 2020 Kieruje programem doktorskim w dyscyplinie nauki o sztuce w Szkole Doktorskiej Nauk Humanistycznych UJ. W 2019 roku Fulbright Scholar-in-Residence w Winona State University w USA (Creative Digital Media).<br>Redaktor naczelna Przegl\u0105du Kulturoznawczego oraz cz\u0142onkini redakcji mi\u0119dzynarodowego czasopisma akademickiego wydawanego online, Electronic Book Review \u2013 ebr&nbsp;<a href=\"https:\/\/electronicbookreview.com\/?fbclid=IwAR2WY4k_3kCD4L7LAmabpfo1bZAvGjaPlA8cpIZEnZBLNr0Ajic5M3u_BYg\" target=\"_blank\" rel=\"noreferrer noopener\">https:\/\/electronicbookreview.com\/<\/a>&nbsp;. Cz\u0142onkini Board of Directors Electronic Literature Organization oraz Zarz\u0105du G\u0142\u00f3wnego Polskiego Towarzystwa Kulturoznawczego.<br>Zast\u0119pczyni przewodnicz\u0105cej Komitetu Nauk o Kulturze Polskiej Akademii Nauk.<br>Pr\u00f3cz dzia\u0142alno\u015bci naukowej realizuje w\u0142asne projekty muzyczne i d\u017awi\u0119kowe (aktualnie wsp\u00f3\u0142pracuje z Victori\u0105&nbsp;Vesn\u0105). Wraz z Markiem Styczynskim wsp\u00f3\u0142prowadzi Biotop Lechnica, o\u015brodek permakulturowy na s\u0142owackim Zamagurzu.<br>Pe\u0142na informacja wraz z wykazem publikacji:&nbsp;<a href=\"https:\/\/l.facebook.com\/l.php?u=http%3A%2F%2Fnytuan.wordpress.com%2F%3Ffbclid%3DIwAR1bzLW2X71Df6qx-kuLwcqEWUAZnS9kJHlLJnP_10_cSsQr6rDiwbdk9Mw&amp;h=AT1GyLbXhb55ZOvK4YEAFR1qpbjEKkDakOlFYxCfY-ELC8YzCEDCprjJ7L8YWBZc3Nz3BLXjzmaMFTa5BD884LU7L2ZvN8g7rRghLpBc0BpcVxb320jzZbeT9JbaGr9MTw&amp;__tn__=q&amp;c%5b0%5d=AT0JnExHpx-V5PfILfNGt9w6k8h6j7lECV8IUrAKtdWF01LT9zTy9vruglaEVca6HyiNUggjLqOAZByS4zNOhKO4M-4d7rN314P7OprBLPSaCsiC0RvZ5pSgH2XM965vZtlVNOALXG0H2qmJlvFjtdPI\" target=\"_blank\" rel=\"noreferrer noopener\">http:\/\/nytuan.wordpress.com<\/a><\/p>\n\n\n\n<p>Marek Styczy\u0144ski: Z wykszta\u0142cenia le\u015bnik i botanik, z blisko 30-letnim sta\u017cem pracy w polskich instytucjach ochrony przyrody. Muzyk, w latach 70-tych za\u0142o\u017cy\u0142&nbsp;Teatr D\u017awi\u0119ku ATMAN, od ko\u0144ca lat 90-tych, wraz z Ann\u0105&nbsp;Nacher realizuje Projekt Karpaty Magiczne. Z oboma projektami wielokrotnie koncertowa\u0142&nbsp;w Polsce, Europie i Stanach Zjednoczonych, nagra\u0142&nbsp;ponad dwie dziesi\u0105tki p\u0142yt, prowadzi\u0142&nbsp;label\u0119&nbsp;muzyczn\u0105&nbsp;World Flag Records. Publikowa\u0142&nbsp;w prasie ekologicznej i spo\u0142eczno-kulturalnej (m.in. Czas Kultury, Magazyn Szum, Hudba) oraz tomach zbiorowych. Ostatnia publikacja: Sztuka (w) edukacji ekologicznej [w:] A. Zasucha red., Sztuka w edukacji, Galeria Sztuki Wspo\u0142czesnej BWA w Katowicach 2021. W latach 90. tw\u00f3rca autorskich warsztat\u00f3w edukacji ekologicznej z cyklu \u201eGadaj\u0105ca&nbsp;\u0141\u0105ka\u201d. Autor warsztat\u00f3w etnobotanicznych i permakulturowych, aktualnie realizowanych w Biotopie Lechnica, cz\u0119sto we wsp\u00f3\u0142pracy z instytucjami kultury (w 2015 roku z Galeri\u0105&nbsp;Bunkier Sztuki w Krakowie<\/p>\n","protected":false},"excerpt":{"rendered":"<p>Z wielk\u0105&nbsp;przyjemno\u015bci\u0105&nbsp;zapraszamy na kolejne, trzecie ju\u017c&nbsp;Seminarium Otwarte Sekcji Relacji Mi\u0119dzygatunkowych PTS. Zach\u0119camy Was do udzia\u0142u w spotkaniu z prof. Ann\u0105&nbsp;Nacher i Markiem Styczy\u0144skim. Tematem naszego seminarium b\u0119dzie Postantropocen: Matecznik-nie-tylko-ludzki (Not-Only-Human-Habitat). Zapraszamy 18.03.2021 o godzinie 18:00.Link do spotkania: https:\/\/zoom.us\/j\/98582922488&#8230;Meeting ID: 985 8292 2488Passcode: 537997 Wi\u0119cej o trzecim seminarium i naszych go\u015bciach: Nasze wyst\u0105pienie chcieliby\u015bmy po\u015bwi\u0119ci\u0107&nbsp;pytaniom o&nbsp;\u017cycie [&hellip;]<\/p>\n","protected":false},"author":11,"featured_media":0,"comment_status":"open","ping_status":"open","sticky":false,"template":"","format":"standard","meta":[],"categories":[],"tags":[],"_links":{"self":[{"href":"https:\/\/pts.org.pl\/en\/wp-json\/wp\/v2\/posts\/5173"}],"collection":[{"href":"https:\/\/pts.org.pl\/en\/wp-json\/wp\/v2\/posts"}],"about":[{"href":"https:\/\/pts.org.pl\/en\/wp-json\/wp\/v2\/types\/post"}],"author":[{"embeddable":true,"href":"https:\/\/pts.org.pl\/en\/wp-json\/wp\/v2\/users\/11"}],"replies":[{"embeddable":true,"href":"https:\/\/pts.org.pl\/en\/wp-json\/wp\/v2\/comments?post=5173"}],"version-history":[{"count":1,"href":"https:\/\/pts.org.pl\/en\/wp-json\/wp\/v2\/posts\/5173\/revisions"}],"predecessor-version":[{"id":5174,"href":"https:\/\/pts.org.pl\/en\/wp-json\/wp\/v2\/posts\/5173\/revisions\/5174"}],"wp:attachment":[{"href":"https:\/\/pts.org.pl\/en\/wp-json\/wp\/v2\/media?parent=5173"}],"wp:term":[{"taxonomy":"category","embeddable":true,"href":"https:\/\/pts.org.pl\/en\/wp-json\/wp\/v2\/categories?post=5173"},{"taxonomy":"post_tag","embeddable":true,"href":"https:\/\/pts.org.pl\/en\/wp-json\/wp\/v2\/tags?post=5173"}],"curies":[{"name":"wp","href":"https:\/\/api.w.org\/{rel}","templated":true}]}}