{"id":5142,"date":"2021-03-12T13:56:17","date_gmt":"2021-03-12T13:56:17","guid":{"rendered":"https:\/\/pts.org.pl\/?p=5142"},"modified":"2021-03-12T14:05:05","modified_gmt":"2021-03-12T14:05:05","slug":"zaproszenie-na-wyklad-profesora-marcina-kuli-pt-wspolnota-czyli-co","status":"publish","type":"post","link":"https:\/\/pts.org.pl\/en\/zaproszenie-na-wyklad-profesora-marcina-kuli-pt-wspolnota-czyli-co\/","title":{"rendered":"Zaproszenie na wyk\u0142ad Profesora Marcina Kuli pt. \u201eWsp\u00f3lnota &#8211; czyli co?\u201d"},"content":{"rendered":"<div class=\"fcbkbttn_buttons_block\" id=\"fcbkbttn_left\"><div class=\"fcbkbttn_button\">\n                            <a href=\"https:\/\/www.facebook.com\/\" target=\"_blank\">\n                                <img src=\"https:\/\/pts.org.pl\/wp-content\/plugins\/facebook-button-plugin\/images\/standard-facebook-ico.png\" alt=\"Fb-Button\" \/>\n                            <\/a>\n                        <\/div><div class=\"fcbkbttn_like \"><fb:like href=\"https:\/\/pts.org.pl\/en\/zaproszenie-na-wyklad-profesora-marcina-kuli-pt-wspolnota-czyli-co\/\" action=\"like\" colorscheme=\"light\" layout=\"button_count\"  size=\"small\"><\/fb:like><\/div><\/div>\n<p>Szanowni Pa\u0144stwo,&nbsp;<\/p>\n\n\n\n<p>mamy przyjemno\u015b\u0107 serdecznie zaprosi\u0107 Pa\u0144stwa na <strong>wyk\u0142ad Profesora Marcina Kuli pt. \u201eWsp\u00f3lnota &#8211; czyli co?\u201d, <\/strong>kt\u00f3ry odb\u0119dzie si\u0119 w ramach cyklu\u00a0<em>Spotkania Mistrzowskie Instytutu Socjologii UJ<\/em> \u2013 serii spotka\u0144 on-line z wybitnymi przedstawicielkami i przedstawicielami \u017cycia naukowego w Polsce i na \u015bwiecie.<\/p>\n\n\n\n<p>Kilka s\u0142\u00f3w o wyk\u0142adzie:<\/p>\n\n\n\n<p><em>To niebagatelny temat. Pami\u0119tam, rzecz jasna, i\u017c rozwa\u017ca\u0142o go ju\u017c wielu filozof\u00f3w, a za nimi porusza\u0142o go wielu historyk\u00f3w filozofii. Przez sentyment wspomn\u0119 ksi\u0105\u017ck\u0119 Bronis\u0142awa Baczko \u201eRousseau. Samotno\u015b\u0107 i wsp\u00f3lnota\u201d, kt\u00f3rej powstawania by\u0142em \u015bwiadkiem. Pami\u0119tam te\u017c zdanie Leszka Ko\u0142akowskiego, ostatnio przypomniane przez Zbigniewa Mentzela, \u017ce nale\u017cy utrzymywa\u0107 wi\u0119\u017a z my\u015bl\u0105 wielkich filozof\u00f3w, by od nich czerpa\u0107 impulsy dla w\u0142asnej refleksji. Ko\u0142akowski \u2013 podkre\u015bla Mentzel &#8211; m\u0105dro\u015b\u0107 filozoficzn\u0105 ceni\u0142 bardziej ni\u017c \u201einteligencj\u0119 obserwacyjn\u0105\u201d.<br>Co nie najmniej wa\u017cne, z bie\u017c\u0105cego do\u015bwiadczenia wiem, \u017ce socjologowie zazwyczaj wychodz\u0105 od istniej\u0105cych w nauce teorii, by je weryfikowa\u0107 na konkretnym materiale. Po kilkudziesi\u0119ciu latach pracy historyka pozwol\u0119 sobie wszak\u017ce post\u0105pi\u0107 inaczej. Przyjrz\u0119 si\u0119 znanym mi fragmentom dziej\u00f3w, stawiaj\u0105c pytania, dotycz\u0105ce zjawiska wsp\u00f3lnoty mi\u0119dzy lud\u017ami. W ko\u0144cu historia jest jednym wielkim eksperymentem z zakresu nauk spo\u0142ecznych \u2013 nawet je\u015bli bez jasno sformu\u0142owanych za\u0142o\u017ce\u0144, bez kontrolowanych zmiennych, niestety najcz\u0119\u015bciej te\u017c bez zgody poddanych im uczestnik\u00f3w, nie m\u00f3wi\u0105c ju\u017c o akceptacji komisji etyki.<\/em><\/p>\n\n\n\n<p class=\"has-text-align-right\">Profesor Marcin Kula<\/p>\n\n\n\n<p><br><br>Wyk\u0142ad odb\u0119dzie si\u0119<strong>\u00a025 marca 2021 r.<\/strong>\u00a0(czwartek)<strong>\u00a0o godz. 18:00<\/strong>\u00a0na platformie MsTeams<\/p>\n\n\n\n<p class=\"has-text-align-left\">link do spotkania: <\/p>\n\n\n\n<p class=\"has-text-align-left\"><a href=\"https:\/\/teams.microsoft.com\/l\/meetup-join\/19%3a7af2a516c37543babba68eb108f2b72e%40thread.tacv2\/1614347625888?context=%7b%22Tid%22%3a%22eb0e26eb-bfbe-47d2-9e90-ebd2426dbceb%22%2c%22Oid%22%3a%2270064893-d07f-40d7-b83b-9fe3b0107d73%22%7d\">https:\/\/teams.microsoft.com\/l\/meetup-join\/19%3a7af2a516c37543babba68eb108f2b72e%40thread.tacv2\/1614347625888?context=%7b%22Tid%22%3a%22eb0e26eb-bfbe-47d2-9e90-ebd2426dbceb%22%2c%22Oid%22%3a%2270064893-d07f-40d7-b83b-9fe3b0107d73%22%7d<\/a><\/p>\n\n\n\n<p><br><strong>Prof. dr hab. Marcin Kula<\/strong> &#8211; emerytowany profesor Uniwersytetu Warszawskiego, obecnie profesor Akademii Teatralnej im. Aleksandra Zelwerowicza w Warszawie, cz\u0142onek-korespondent PAU. Historyk, z wykszta\u0142cenia tak\u017ce socjolog. Przez wiele lat, wyk\u0142adaj\u0105c, stara\u0142 si\u0119 zintegrowa\u0107 socjologi\u0119 i histori\u0119. Z prowadzonych przeze\u0144 zaj\u0119\u0107 uczelnianych narodzi\u0142a si\u0119 grupa jego ksi\u0105\u017cek z podtytu\u0142ami \u201eWyk\u0142ady z socjologii historycznej\u201d, publikowanych nak\u0142adem \u201eBiblioteki Iberyjskiej\u201d. Ostatnio ukaza\u0142 si\u0119 w jej ramach tytu\u0142 \u201eTrzeba zna\u0107 zasoby symboli\u201d, a w druku znajduje si\u0119 ksi\u0105\u017cka \u201eCzy trzeba by\u0107 wsp\u00f3lnot\u0105?\u201d. W 2020 r. wyda\u0142 te\u017c autobiograficzn\u0105 \u201eWizyt\u00f3wk\u0119 historyka\u201d (Instytut Historii Nauki PAN, Wydawnictwo ASRA-JR).<\/p>\n\n\n\n<p><strong>Organizator:<\/strong><br>Instytut Socjologii Uniwersytetu Jagiello\u0144skiego w Krakowie<\/p>\n\n\n\n<p><strong>Wsp\u00f3\u0142organizatorzy:<\/strong><br>Interdyscyplinarne Centrum Analiz Spo\u0142eczno-Prawnych UJ<br>Sekcja Socjologii Prawa Polskiego Towarzystwa Socjologicznego<\/p>\n\n\n\n<figure class=\"wp-block-gallery columns-1 is-cropped\"><ul class=\"blocks-gallery-grid\"><li class=\"blocks-gallery-item\"><figure><img loading=\"lazy\" width=\"910\" height=\"270\" src=\"https:\/\/pts.org.pl\/wp-content\/uploads\/2021\/03\/Prof.-Kula_baner.png\" alt=\"\" data-id=\"5145\" data-full-url=\"https:\/\/pts.org.pl\/wp-content\/uploads\/2021\/03\/Prof.-Kula_baner.png\" data-link=\"https:\/\/pts.org.pl\/zaproszenie-na-wyklad-profesora-marcina-kuli-pt-wspolnota-czyli-co\/prof-kula_baner\/\" class=\"wp-image-5145\" srcset=\"https:\/\/pts.org.pl\/wp-content\/uploads\/2021\/03\/Prof.-Kula_baner.png 910w, https:\/\/pts.org.pl\/wp-content\/uploads\/2021\/03\/Prof.-Kula_baner-300x89.png 300w, https:\/\/pts.org.pl\/wp-content\/uploads\/2021\/03\/Prof.-Kula_baner-768x228.png 768w\" sizes=\"(max-width: 910px) 100vw, 910px\" \/><\/figure><\/li><\/ul><\/figure>\n\n\n\n<p><\/p>\n","protected":false},"excerpt":{"rendered":"<p>Szanowni Pa\u0144stwo,&nbsp; mamy przyjemno\u015b\u0107 serdecznie zaprosi\u0107 Pa\u0144stwa na wyk\u0142ad Profesora Marcina Kuli pt. \u201eWsp\u00f3lnota &#8211; czyli co?\u201d, kt\u00f3ry odb\u0119dzie si\u0119 w ramach cyklu\u00a0Spotkania Mistrzowskie Instytutu Socjologii UJ \u2013 serii spotka\u0144 on-line z wybitnymi przedstawicielkami i przedstawicielami \u017cycia naukowego w Polsce i na \u015bwiecie. Kilka s\u0142\u00f3w o wyk\u0142adzie: To niebagatelny temat. Pami\u0119tam, rzecz jasna, i\u017c rozwa\u017ca\u0142o [&hellip;]<\/p>\n","protected":false},"author":11,"featured_media":0,"comment_status":"open","ping_status":"open","sticky":false,"template":"","format":"standard","meta":[],"categories":[],"tags":[],"_links":{"self":[{"href":"https:\/\/pts.org.pl\/en\/wp-json\/wp\/v2\/posts\/5142"}],"collection":[{"href":"https:\/\/pts.org.pl\/en\/wp-json\/wp\/v2\/posts"}],"about":[{"href":"https:\/\/pts.org.pl\/en\/wp-json\/wp\/v2\/types\/post"}],"author":[{"embeddable":true,"href":"https:\/\/pts.org.pl\/en\/wp-json\/wp\/v2\/users\/11"}],"replies":[{"embeddable":true,"href":"https:\/\/pts.org.pl\/en\/wp-json\/wp\/v2\/comments?post=5142"}],"version-history":[{"count":4,"href":"https:\/\/pts.org.pl\/en\/wp-json\/wp\/v2\/posts\/5142\/revisions"}],"predecessor-version":[{"id":5149,"href":"https:\/\/pts.org.pl\/en\/wp-json\/wp\/v2\/posts\/5142\/revisions\/5149"}],"wp:attachment":[{"href":"https:\/\/pts.org.pl\/en\/wp-json\/wp\/v2\/media?parent=5142"}],"wp:term":[{"taxonomy":"category","embeddable":true,"href":"https:\/\/pts.org.pl\/en\/wp-json\/wp\/v2\/categories?post=5142"},{"taxonomy":"post_tag","embeddable":true,"href":"https:\/\/pts.org.pl\/en\/wp-json\/wp\/v2\/tags?post=5142"}],"curies":[{"name":"wp","href":"https:\/\/api.w.org\/{rel}","templated":true}]}}