{"id":5139,"date":"2021-03-11T20:20:16","date_gmt":"2021-03-11T20:20:16","guid":{"rendered":"https:\/\/pts.org.pl\/?p=5139"},"modified":"2021-03-11T20:20:18","modified_gmt":"2021-03-11T20:20:18","slug":"zmarl-dr-tadeusz-detyna","status":"publish","type":"post","link":"https:\/\/pts.org.pl\/en\/zmarl-dr-tadeusz-detyna\/","title":{"rendered":"Zmar\u0142 dr Tadeusz Detyna"},"content":{"rendered":"<div class=\"fcbkbttn_buttons_block\" id=\"fcbkbttn_left\"><div class=\"fcbkbttn_button\">\n                            <a href=\"https:\/\/www.facebook.com\/\" target=\"_blank\">\n                                <img src=\"https:\/\/pts.org.pl\/wp-content\/plugins\/facebook-button-plugin\/images\/standard-facebook-ico.png\" alt=\"Fb-Button\" \/>\n                            <\/a>\n                        <\/div><div class=\"fcbkbttn_like \"><fb:like href=\"https:\/\/pts.org.pl\/en\/zmarl-dr-tadeusz-detyna\/\" action=\"like\" colorscheme=\"light\" layout=\"button_count\"  size=\"small\"><\/fb:like><\/div><\/div>\n<p><strong>Z g\u0142\u0119bokim smutkiem przyj\u0119li\u015bmy informacj\u0119 o \u015bmierci dr Tadeusza Detyny \u2013 naszego Kolegi i Przyjaciela, pracownika Katedry Nauk Socjologicznych i Pracy Socjalnej w Instytucie Nauk Pedagogicznych na Wydziale Nauk Spo\u0142ecznych Uniwersytetu Opolskiego, wieloletniego skarbnika Oddzia\u0142u Opolskiego PTS.&nbsp;<\/strong><\/p>\n\n\n\n<p>Tadeusz Detyna urodzi\u0142 si\u0119 w Opolu 16 marca 1960 roku. Tu te\u017c sp\u0119dzi\u0142 dzieci\u0144stwo, ucz\u0119szczaj\u0105c do szko\u0142y podstawowej oraz liceum og\u00f3lnokszta\u0142c\u0105cego. Studia socjologiczne uko\u0144czy\u0142 na Wydziale Nauk Spo\u0142ecznych Katolickiego Uniwersytetu Lubelskiego w roku 1987.Tam te\u017c uzyska\u0142 stopie\u0144 naukowy doktora nauk humanistycznych w zakresie socjologii.<\/p>\n\n\n\n<p>Swoj\u0105 zawodow\u0105 aktywno\u015b\u0107 w Uniwersytecie Opolskim rozpocz\u0105\u0142 w 1991 roku. Pocz\u0105tkowo, jeszcze jako magister, na stanowisku asystenta w Instytucie Nauk Spo\u0142ecznych, p\u00f3\u017aniej, ju\u017c jako adiunkt, w Instytucie Filozofii i Socjologii, nast\u0119pnie w samodzielnej jednostce Instytucie Socjologii w ramach Zak\u0142adu Antropologii i Socjologii Kultury, a od 2019 roku w Katedrze Nauk Socjologicznych i Pracy Socjalnej Instytutu Nauk Pedagogicznych.<\/p>\n\n\n\n<p>W swych naukowych zainteresowaniach koncentrowa\u0142 si\u0119 na socjologii stosunk\u00f3w mi\u0119dzynarodowych, historii spo\u0142ecznej Indochin, spo\u0142ecznych problemach Azji Po\u0142udniowo-Wschodniej czy socjologii rodziny. Zainteresowania te poszerza\u0142, zg\u0142\u0119bia\u0142 tak\u017ce dla potrzeb licznych zaj\u0119\u0107 dydaktycznych i pracy ze studentami. A niekt\u00f3rzy spo\u015br\u00f3d Jego wychowank\u00f3w wsp\u00f3\u0142tworz\u0105 dzi\u015b grono socjolog\u00f3w naszej Uczelni.<\/p>\n\n\n\n<p>W ca\u0142ym okresie swojej pracy pe\u0142ni\u0142 wiele wa\u017cnych zada\u0144 oraz funkcji, w\u015br\u00f3d nich m.in.: wsp\u00f3\u0142pracowa\u0142 z Polskim Towarzystwem Socjologicznym (od roku 1996), w kt\u00f3rym pe\u0142ni\u0142 funkcj\u0119 skarbnika Oddzia\u0142u Opolskiego, pe\u0142ni\u0142 tak\u017ce funkcj\u0119 skarbnika Oddzia\u0142u Opolskiego Stowarzyszenia \u201eWsp\u00f3lnota Polska\u201d, z kolei w wymiarze akademickim zapisa\u0142 si\u0119 w naszej pami\u0119ci m.in. jako wieloletni opiekun Studenckiego Ko\u0142a Naukowego Socjolog\u00f3w.<\/p>\n\n\n\n<p>Najwa\u017cniejsze publikacje naukowe: Spo\u0142ecze\u0144stwo kambod\u017ca\u0144skie w okresie gwa\u0142townych przemian oraz polskie reakcje na wydarzenia w kraju, Wyd. Uniwersytetu Opolskiego, Opole 2010; Detyna T., Marsza\u0142ek-Kawa J. (red.), Polska-Kambod\u017ca. \u0141\u0105czy nas bolesna przesz\u0142o\u015b\u0107. Zbli\u017cy nas przysz\u0142o\u015b\u0107, Wyd. A. Marsza\u0142ek, Toru\u0144 2008, Ko\u015bci\u00f3\u0142 katolicki w Kambod\u017cy \u201eStudia Teologiczno-Historyczne \u015al\u0105ska Opolskiego\u201d 1997, s. 161-221; Problemy spo\u0142eczne Kambod\u017cy&nbsp; oraz wewn\u0119trzne i mi\u0119dzynarodowe pr\u00f3by ich przezwyci\u0119\u017cania [w:] Wok\u00f3\u0142 sposob\u00f3w \u017cycia, kwestii spo\u0142ecznych i wzor\u00f3w ich rozwi\u0105zywania. Frysztacki K., Korzeniowski M. (red.), Opole 2005, s. 119-142; Detyna T., Kisielewicz D. (red.), Wk\u0142ad Polek na emigracji w rozw\u00f3j kultury i nauki polskiej.<\/p>\n\n\n\n<p>W \u017cyciu prywatnym Tadeusz Detyna by\u0142 przede wszystkim ca\u0142kowicie oddany swojej rodzinie; by\u0142 kochaj\u0105cym m\u0119\u017cem i ojcem, dumnym ze swojej, doros\u0142ej ju\u017c, studiuj\u0105cej c\u00f3rki Weroniki. Kocha\u0142 otaczaj\u0105cy \u015bwiat, zar\u00f3wno \u015bwiat kultury, jak i natury. St\u0105d ogromna fascynacja podr\u00f3\u017cami, tymi bliskimi i bardzo odleg\u0142ymi; st\u0105d te\u017c pasja i wielkie zami\u0142owanie do \u015bwiata przyrody, znajduj\u0105ce sw\u00f3j szczeg\u00f3lny wyraz w badaniu pi\u0119kna motyli \u2013 sprowadzanych z r\u00f3\u017cnych zak\u0105tk\u00f3w \u015bwiata.<\/p>\n\n\n\n<p>Sk\u0142adamy g\u0142\u0119bokie wyrazy wsp\u00f3\u0142czucia Rodzinie i Bliskim.<\/p>\n\n\n\n<p>Pogr\u0105\u017cona w smutku spo\u0142eczno\u015b\u0107 akademicka Wydzia\u0142u Nauk Spo\u0142ecznych Uniwersytetu Opolskiego<\/p>\n\n\n\n<figure class=\"wp-block-image size-large\"><img loading=\"lazy\" width=\"454\" height=\"302\" src=\"https:\/\/pts.org.pl\/wp-content\/uploads\/2021\/03\/Deytyna.jpg\" alt=\"\" class=\"wp-image-5140\" srcset=\"https:\/\/pts.org.pl\/wp-content\/uploads\/2021\/03\/Deytyna.jpg 454w, https:\/\/pts.org.pl\/wp-content\/uploads\/2021\/03\/Deytyna-300x200.jpg 300w\" sizes=\"(max-width: 454px) 100vw, 454px\" \/><\/figure>\n\n\n\n<p><\/p>\n","protected":false},"excerpt":{"rendered":"<p>Z g\u0142\u0119bokim smutkiem przyj\u0119li\u015bmy informacj\u0119 o \u015bmierci dr Tadeusza Detyny \u2013 naszego Kolegi i Przyjaciela, pracownika Katedry Nauk Socjologicznych i Pracy Socjalnej w Instytucie Nauk Pedagogicznych na Wydziale Nauk Spo\u0142ecznych Uniwersytetu Opolskiego, wieloletniego skarbnika Oddzia\u0142u Opolskiego PTS.&nbsp; Tadeusz Detyna urodzi\u0142 si\u0119 w Opolu 16 marca 1960 roku. Tu te\u017c sp\u0119dzi\u0142 dzieci\u0144stwo, ucz\u0119szczaj\u0105c do szko\u0142y podstawowej [&hellip;]<\/p>\n","protected":false},"author":11,"featured_media":0,"comment_status":"open","ping_status":"open","sticky":false,"template":"","format":"standard","meta":[],"categories":[],"tags":[],"_links":{"self":[{"href":"https:\/\/pts.org.pl\/en\/wp-json\/wp\/v2\/posts\/5139"}],"collection":[{"href":"https:\/\/pts.org.pl\/en\/wp-json\/wp\/v2\/posts"}],"about":[{"href":"https:\/\/pts.org.pl\/en\/wp-json\/wp\/v2\/types\/post"}],"author":[{"embeddable":true,"href":"https:\/\/pts.org.pl\/en\/wp-json\/wp\/v2\/users\/11"}],"replies":[{"embeddable":true,"href":"https:\/\/pts.org.pl\/en\/wp-json\/wp\/v2\/comments?post=5139"}],"version-history":[{"count":1,"href":"https:\/\/pts.org.pl\/en\/wp-json\/wp\/v2\/posts\/5139\/revisions"}],"predecessor-version":[{"id":5141,"href":"https:\/\/pts.org.pl\/en\/wp-json\/wp\/v2\/posts\/5139\/revisions\/5141"}],"wp:attachment":[{"href":"https:\/\/pts.org.pl\/en\/wp-json\/wp\/v2\/media?parent=5139"}],"wp:term":[{"taxonomy":"category","embeddable":true,"href":"https:\/\/pts.org.pl\/en\/wp-json\/wp\/v2\/categories?post=5139"},{"taxonomy":"post_tag","embeddable":true,"href":"https:\/\/pts.org.pl\/en\/wp-json\/wp\/v2\/tags?post=5139"}],"curies":[{"name":"wp","href":"https:\/\/api.w.org\/{rel}","templated":true}]}}