{"id":5129,"date":"2021-03-09T09:26:38","date_gmt":"2021-03-09T09:26:38","guid":{"rendered":"https:\/\/pts.org.pl\/?p=5129"},"modified":"2021-03-09T09:26:41","modified_gmt":"2021-03-09T09:26:41","slug":"seminarium-podmiotowosc-rodzicow-i-dzieci-w-kulturze-indywidualizmu","status":"publish","type":"post","link":"https:\/\/pts.org.pl\/en\/seminarium-podmiotowosc-rodzicow-i-dzieci-w-kulturze-indywidualizmu\/","title":{"rendered":"Seminarium: Podmiotowo\u015b\u0107 rodzic\u00f3w i dzieci w kulturze indywidualizmu"},"content":{"rendered":"<div class=\"fcbkbttn_buttons_block\" id=\"fcbkbttn_left\"><div class=\"fcbkbttn_button\">\n                            <a href=\"https:\/\/www.facebook.com\/\" target=\"_blank\">\n                                <img src=\"https:\/\/pts.org.pl\/wp-content\/plugins\/facebook-button-plugin\/images\/standard-facebook-ico.png\" alt=\"Fb-Button\" \/>\n                            <\/a>\n                        <\/div><div class=\"fcbkbttn_like \"><fb:like href=\"https:\/\/pts.org.pl\/en\/seminarium-podmiotowosc-rodzicow-i-dzieci-w-kulturze-indywidualizmu\/\" action=\"like\" colorscheme=\"light\" layout=\"button_count\"  size=\"small\"><\/fb:like><\/div><\/div>\n<p>Zapraszamy do udzia\u0142u w II seminarium on-line organizowanym przez Sekcj\u0119 Socjologii \u017bycia Rodzinnego i Intymno\u015bci.<\/p>\n\n\n\n<p>Temat: Podmiotowo\u015b\u0107 rodzic\u00f3w i dzieci w kulturze indywidualizmu<br>Termin: 18 marca 2021 (czwartek) godz. 17.00<br><\/p>\n\n\n\n<p>Link:<br><a rel=\"noreferrer noopener\" href=\"https:\/\/us02web.zoom.us\/j\/83244385106?pwd=elh1dldOSCtOOHdMTUVjMSs1WGozZz09\" target=\"_blank\">https:\/\/us02web.zoom.us\/j\/83244385106?pwd=elh1dldOSCtOOHdMTUVjMSs1WGozZz09<\/a><br>Meeting ID: 832 4438 5106<br>Passcode: 947164<\/p>\n\n\n\n<div class=\"wp-block-file\"><a href=\"https:\/\/pts.org.pl\/wp-content\/uploads\/2021\/03\/II-Seminarium-Sekcji-Socjologii-Z\u0307ycia-Rodzinnego-i-Intymnos\u0301ci_18.03.2021-1.pdf\">II Seminarium Sekcji Socjologii Z\u0307ycia Rodzinnego i Intymnos\u0301ci_18.03.2021 (1)<\/a><a href=\"https:\/\/pts.org.pl\/wp-content\/uploads\/2021\/03\/II-Seminarium-Sekcji-Socjologii-Z\u0307ycia-Rodzinnego-i-Intymnos\u0301ci_18.03.2021-1.pdf\" class=\"wp-block-file__button\" download>Pobierz<\/a><\/div>\n\n\n\n<p><\/p>\n","protected":false},"excerpt":{"rendered":"<p>Zapraszamy do udzia\u0142u w II seminarium on-line organizowanym przez Sekcj\u0119 Socjologii \u017bycia Rodzinnego i Intymno\u015bci. Temat: Podmiotowo\u015b\u0107 rodzic\u00f3w i dzieci w kulturze indywidualizmuTermin: 18 marca 2021 (czwartek) godz. 17.00 Link:https:\/\/us02web.zoom.us\/j\/83244385106?pwd=elh1dldOSCtOOHdMTUVjMSs1WGozZz09Meeting ID: 832 4438 5106Passcode: 947164<\/p>\n","protected":false},"author":11,"featured_media":0,"comment_status":"open","ping_status":"open","sticky":false,"template":"","format":"standard","meta":[],"categories":[],"tags":[],"_links":{"self":[{"href":"https:\/\/pts.org.pl\/en\/wp-json\/wp\/v2\/posts\/5129"}],"collection":[{"href":"https:\/\/pts.org.pl\/en\/wp-json\/wp\/v2\/posts"}],"about":[{"href":"https:\/\/pts.org.pl\/en\/wp-json\/wp\/v2\/types\/post"}],"author":[{"embeddable":true,"href":"https:\/\/pts.org.pl\/en\/wp-json\/wp\/v2\/users\/11"}],"replies":[{"embeddable":true,"href":"https:\/\/pts.org.pl\/en\/wp-json\/wp\/v2\/comments?post=5129"}],"version-history":[{"count":1,"href":"https:\/\/pts.org.pl\/en\/wp-json\/wp\/v2\/posts\/5129\/revisions"}],"predecessor-version":[{"id":5131,"href":"https:\/\/pts.org.pl\/en\/wp-json\/wp\/v2\/posts\/5129\/revisions\/5131"}],"wp:attachment":[{"href":"https:\/\/pts.org.pl\/en\/wp-json\/wp\/v2\/media?parent=5129"}],"wp:term":[{"taxonomy":"category","embeddable":true,"href":"https:\/\/pts.org.pl\/en\/wp-json\/wp\/v2\/categories?post=5129"},{"taxonomy":"post_tag","embeddable":true,"href":"https:\/\/pts.org.pl\/en\/wp-json\/wp\/v2\/tags?post=5129"}],"curies":[{"name":"wp","href":"https:\/\/api.w.org\/{rel}","templated":true}]}}