{"id":5126,"date":"2021-03-09T09:21:57","date_gmt":"2021-03-09T09:21:57","guid":{"rendered":"https:\/\/pts.org.pl\/?p=5126"},"modified":"2024-04-19T15:03:14","modified_gmt":"2024-04-19T15:03:14","slug":"dyskusja-wokol-ksiazki-autoetnograficzne-zblizenia-i-oddalenia-o-autoetnografii-w-polsce","status":"publish","type":"post","link":"https:\/\/pts.org.pl\/en\/dyskusja-wokol-ksiazki-autoetnograficzne-zblizenia-i-oddalenia-o-autoetnografii-w-polsce\/","title":{"rendered":"Dyskusja wok\u00f3\u0142 ksi\u0105\u017cki Autoetnograficzne &#8220;zbli\u017cenia&#8221; i &#8220;oddalenia&#8221;. O autoetnografii w Polsce&#8221;"},"content":{"rendered":"<div class=\"fcbkbttn_buttons_block\" id=\"fcbkbttn_left\"><div class=\"fcbkbttn_button\">\n                            <a href=\"https:\/\/www.facebook.com\/\" target=\"_blank\">\n                                <img src=\"https:\/\/pts.org.pl\/wp-content\/plugins\/facebook-button-plugin\/images\/standard-facebook-ico.png\" alt=\"Fb-Button\" \/>\n                            <\/a>\n                        <\/div><div class=\"fcbkbttn_like \"><fb:like href=\"https:\/\/pts.org.pl\/en\/dyskusja-wokol-ksiazki-autoetnograficzne-zblizenia-i-oddalenia-o-autoetnografii-w-polsce\/\" action=\"like\" colorscheme=\"light\" layout=\"button_count\"  size=\"small\"><\/fb:like><\/div><\/div>\n<p>Cykl seminarium Autoetnograficzne &#8220;zbli\u017cenia&#8221; i &#8220;oddalenia&#8221;. O autoetnografii w Polsce&#8221; jest organizowany przez Sekcj\u0119 Socjologii Jako\u015bciowej i Symbolicznego Interakcjonizmu we wsp\u00f3\u0142pracy z Oddzia\u0142em \u0141\u00f3dzkim PTS.<br>Pierwsze spotkanie 22 marca (poniedzia\u0142ek), o godz. 18:30 b\u0119dzie dyskusj\u0105 wok\u00f3\u0142 ksi\u0105\u017cki pod redakcj\u0105 Marcina Kafara i Anny Kacperczyk.<\/p>\n\n\n\n<p>Planowane s\u0105 tak\u017ce dwa kolejne spotkania 29 marca (poniedzia\u0142ek) oraz 12 kwietnia (poniedzia\u0142ek), podczas kt\u00f3rych mamy nadziej\u0119 rozszerzy\u0107 dyskusj\u0119 na temat statusu metodologicznego i epistemologicznego praktyk autoetnograficznych.<\/p>\n\n\n\n<p>Join Zoom Meeting<\/p>\n\n\n\n<p><a href=\"https:\/\/zoom.us\/j\/97460213195?pwd=YzV3ZEp0RjFKOHIvRGhpeWJ2SFVtUT09&amp;fbclid=IwAR1Up6uqBgnjYBNdRQOA2RDe_hnz_YliRV6z7342ypoxfN_L-AuHi4PrcII#success\">https:\/\/zoom.us\/j\/97460213195?pwd=YzV3ZEp0RjFKOHIvRGhpeWJ2SFVtUT09&amp;fbclid=IwAR1Up6uqBgnjYBNdRQOA2RDe_hnz_YliRV6z7342ypoxfN_L-AuHi4PrcII#success<\/a><\/p>\n\n\n\n<p>Meeting ID: 974 6021 3195<br>Passcode: 254879<\/p>\n\n\n\n<figure class=\"wp-block-image size-large\"><img loading=\"lazy\" width=\"907\" height=\"752\" src=\"https:\/\/pts.org.pl\/wp-content\/uploads\/2021\/03\/Autoetnograficzne.jpg\" alt=\"\" class=\"wp-image-5127\" srcset=\"https:\/\/pts.org.pl\/wp-content\/uploads\/2021\/03\/Autoetnograficzne.jpg 907w, https:\/\/pts.org.pl\/wp-content\/uploads\/2021\/03\/Autoetnograficzne-300x249.jpg 300w, https:\/\/pts.org.pl\/wp-content\/uploads\/2021\/03\/Autoetnograficzne-768x637.jpg 768w\" sizes=\"(max-width: 907px) 100vw, 907px\" \/><\/figure>\n","protected":false},"excerpt":{"rendered":"<p>Cykl seminarium Autoetnograficzne &#8220;zbli\u017cenia&#8221; i &#8220;oddalenia&#8221;. O autoetnografii w Polsce&#8221; jest organizowany przez Sekcj\u0119 Socjologii Jako\u015bciowej i Symbolicznego Interakcjonizmu we wsp\u00f3\u0142pracy z Oddzia\u0142em \u0141\u00f3dzkim PTS.Pierwsze spotkanie 22 marca (poniedzia\u0142ek), o godz. 18:30 b\u0119dzie dyskusj\u0105 wok\u00f3\u0142 ksi\u0105\u017cki pod redakcj\u0105 Marcina Kafara i Anny Kacperczyk. Planowane s\u0105 tak\u017ce dwa kolejne spotkania 29 marca (poniedzia\u0142ek) oraz 12 kwietnia [&hellip;]<\/p>\n","protected":false},"author":11,"featured_media":0,"comment_status":"open","ping_status":"open","sticky":false,"template":"","format":"standard","meta":[],"categories":[],"tags":[],"_links":{"self":[{"href":"https:\/\/pts.org.pl\/en\/wp-json\/wp\/v2\/posts\/5126"}],"collection":[{"href":"https:\/\/pts.org.pl\/en\/wp-json\/wp\/v2\/posts"}],"about":[{"href":"https:\/\/pts.org.pl\/en\/wp-json\/wp\/v2\/types\/post"}],"author":[{"embeddable":true,"href":"https:\/\/pts.org.pl\/en\/wp-json\/wp\/v2\/users\/11"}],"replies":[{"embeddable":true,"href":"https:\/\/pts.org.pl\/en\/wp-json\/wp\/v2\/comments?post=5126"}],"version-history":[{"count":1,"href":"https:\/\/pts.org.pl\/en\/wp-json\/wp\/v2\/posts\/5126\/revisions"}],"predecessor-version":[{"id":5128,"href":"https:\/\/pts.org.pl\/en\/wp-json\/wp\/v2\/posts\/5126\/revisions\/5128"}],"wp:attachment":[{"href":"https:\/\/pts.org.pl\/en\/wp-json\/wp\/v2\/media?parent=5126"}],"wp:term":[{"taxonomy":"category","embeddable":true,"href":"https:\/\/pts.org.pl\/en\/wp-json\/wp\/v2\/categories?post=5126"},{"taxonomy":"post_tag","embeddable":true,"href":"https:\/\/pts.org.pl\/en\/wp-json\/wp\/v2\/tags?post=5126"}],"curies":[{"name":"wp","href":"https:\/\/api.w.org\/{rel}","templated":true}]}}