{"id":5115,"date":"2021-03-01T14:37:22","date_gmt":"2021-03-01T14:37:22","guid":{"rendered":"https:\/\/pts.org.pl\/?p=5115"},"modified":"2021-03-01T14:37:25","modified_gmt":"2021-03-01T14:37:25","slug":"socjopercepcja-vol-17-tytul-spotkania-cywilizacja-europejska-to-bylby-niezly-pomysl","status":"publish","type":"post","link":"https:\/\/pts.org.pl\/en\/socjopercepcja-vol-17-tytul-spotkania-cywilizacja-europejska-to-bylby-niezly-pomysl\/","title":{"rendered":"SocjoPercepcja vol. 17 Tytu\u0142 spotkania: Cywilizacja europejska? To by\u0142by niez\u0142y pomys\u0142!"},"content":{"rendered":"<div class=\"fcbkbttn_buttons_block\" id=\"fcbkbttn_left\"><div class=\"fcbkbttn_button\">\n                            <a href=\"https:\/\/www.facebook.com\/\" target=\"_blank\">\n                                <img src=\"https:\/\/pts.org.pl\/wp-content\/plugins\/facebook-button-plugin\/images\/standard-facebook-ico.png\" alt=\"Fb-Button\" \/>\n                            <\/a>\n                        <\/div><div class=\"fcbkbttn_like \"><fb:like href=\"https:\/\/pts.org.pl\/en\/socjopercepcja-vol-17-tytul-spotkania-cywilizacja-europejska-to-bylby-niezly-pomysl\/\" action=\"like\" colorscheme=\"light\" layout=\"button_count\"  size=\"small\"><\/fb:like><\/div><\/div>\n<p>Wroc\u0142awski oddzia\u0142 Polskiego Towarzystwa Socjologicznego, Instytut Socjologii Uniwersytetu Wroc\u0142awskiego, we wsp\u00f3\u0142pracy ze Stref\u0105 Kultury Wroc\u0142aw i Muzeum Wsp\u00f3\u0142czesnym Wroc\u0142aw serdecznie zapraszaj\u0105 do udzia\u0142u w marcowym spotkaniu SocjoPercepcji pt. Cywilizacja europejska? To by\u0142by niez\u0142y pomys\u0142!, kt\u00f3re odb\u0119dzie si\u0119 24 marca (\u015broda) o godz. 18:00 na platformie ZOOM.<\/p>\n\n\n\n<p>Prowadzenie:<\/p>\n\n\n\n<p>dr Mateusz Karolak &#8211; socjolog, adiunkt w Instytucie Socjologii Uniwersytetu Wroc\u0142awskiego.<\/p>\n\n\n\n<p>Go\u015bcie \/ go\u015bcinie:<\/p>\n\n\n\n<p>dr hab. Monika Bobako &#8211; filozofka, kulturoznawczyni, Pracownia Pyta\u0144 Granicznych UAM (Pozna\u0144), autorka ksi\u0105\u017cek &#8220;Islamofobia jako technologia w\u0142adzy. Studium z antropologii politycznej&#8221; (2017) i &#8220;Demokracja wobec r\u00f3\u017cnicy. Multikulturalizm i feminizm w perspektywie polityki uznania&#8221; (2010). W swoich badaniach nad kultur\u0105 europejsk\u0105 pos\u0142uguje si\u0119 krytyk\u0105 orientalizmu, postkolonializmem i feminizmem.<\/p>\n\n\n\n<p>dr \u0141ukasz Moll &#8211; socjolog, filozof, IS UWr, kierownik projektu &#8220;Idea Europy w kontek\u015bcie kryzysu migracyjnego&#8221; (NCN PRELUDIUM) w IFiS PAN. Redaktor czasopisma naukowego &#8220;Praktyka Teoretyczna&#8221;. Jego ksi\u0105\u017cka &#8220;Nomadyczna Europa. Poststrukturalistyczne granice europejskiego uniwersalizmu&#8221; uka\u017ce si\u0119 w po\u0142owie roku w serii &#8220;Monografie&#8221; Fundacji na rzecz Nauki Polskiej.<\/p>\n\n\n\n<p>dr hab. Jan Sowa &#8211; socjolog, kulturoznawca, Wydzia\u0142 Zarz\u0105dzania Kultur\u0105 Wizualn\u0105 ASP (Warszawa), autor ksi\u0105\u017cek, m.in. &#8220;Fantomowe cia\u0142o kr\u00f3la. Peryferyjne zmagania z nowoczesn\u0105 form\u0105&#8221; (2011), &#8220;Inna Rzeczpospolita jest mo\u017cliwa. Widma przesz\u0142o\u015bci, wizje przysz\u0142o\u015bci&#8221; (2015) i &#8220;Ciesz si\u0119, p\u00f3\u017any wnuku! Kolonializm, globalizacja i demokracja radykalna&#8221; (2008). W swoich badaniach zajmowa\u0142 si\u0119 teori\u0105 i histori\u0105 europejskiej nowoczesno\u015bci i kapitalizmu.<\/p>\n\n\n\n<p>\u201ePanie Gandhi, co Pan s\u0105dzi o zachodniej cywilizacji?\u201d. \u201eUwa\u017cam \u2013 odpar\u0142 Gandhi \u2013 \u017ce to by\u0142by niez\u0142y pomys\u0142\u201d. Prowokuj\u0105cy os\u0105d o kondycji europejskiej nowoczesno\u015bci, wyg\u0142oszony przez przyw\u00f3dc\u0119 indyjskiego ruchu niepodleg\u0142o\u015bciowego, sta\u0142 si\u0119 dzisiaj truizmem. Europ\u0119 dotyka ostrze krytyki pochodz\u0105cej nie tylko z zewn\u0105trz, ale i ze strony samych Europejczyk\u00f3w. Idea europejska by\u0142a \u015bci\u015ble zwi\u0105zana z uniwersalistycznymi aspiracjami: mia\u0142a reprezentowa\u0107 powszechny post\u0119p dziejowy, demokratyzacj\u0119, dobrobyt i prawa cz\u0142owieka. Uniwersalno\u015b\u0107 Europy zosta\u0142a jednak obna\u017cona jako poz\u00f3r skrywaj\u0105cy europocentryczne d\u0105\u017cenie do dominacji, projekty neokolonializmu i imperializmu, czy wreszcie wykluczaj\u0105ce partykularyzmy, takie jak rasizm, seksizm i (euro)nacjonalizm. R\u00f3wnie\u017c projekt integracji europejskiej, kt\u00f3ry obiecywa\u0142 d\u0105\u017cenie do coraz \u015bci\u015blejszej i rozleglejszej unii, znalaz\u0142 si\u0119 w impasie. W szczeg\u00f3lno\u015bci kryzys migracyjny i pandemia koronawirusa pokaza\u0142y, jaki kszta\u0142t przybra\u0142y granice europejskiego uniwersalizmu. Zamiast znosi\u0107 wykluczenia i hierarchie, Europa fortyfikuje swoje granice, wysy\u0142a do ich patrolowania drony i odpycha od nich \u0142odzie z uchod\u017acami.<\/p>\n\n\n\n<p>Czy w tej sytuacji mo\u017cliwa jest jeszcze odbudowa polityki na rzecz uniwersalizmu bez popadania w stare koleiny europocentryzmu? Jaki kszta\u0142t mog\u0142aby ona przybra\u0107? Gdzie mo\u017cemy szuka\u0107 jej przeb\u0142ysk\u00f3w? Odpowiedzi na te pytania poszukamy wraz z tr\u00f3jk\u0105 teoretyk\u00f3w spo\u0142ecznych, kt\u00f3rzy swoje badania prowadz\u0105 na styku teorii krytycznych: postkolonializmu, feminizmu, neomarksizmu i poststrukturalizmu.<\/p>\n\n\n\n<figure class=\"wp-block-gallery columns-1 is-cropped\"><ul class=\"blocks-gallery-grid\"><li class=\"blocks-gallery-item\"><figure><img loading=\"lazy\" width=\"724\" height=\"1024\" src=\"https:\/\/pts.org.pl\/wp-content\/uploads\/2021\/03\/socjopercepcja-17_Strona_1-1-724x1024.jpg\" alt=\"\" data-id=\"5117\" data-full-url=\"https:\/\/pts.org.pl\/wp-content\/uploads\/2021\/03\/socjopercepcja-17_Strona_1-1-scaled.jpg\" data-link=\"https:\/\/pts.org.pl\/?attachment_id=5117\" class=\"wp-image-5117\" srcset=\"https:\/\/pts.org.pl\/wp-content\/uploads\/2021\/03\/socjopercepcja-17_Strona_1-1-724x1024.jpg 724w, https:\/\/pts.org.pl\/wp-content\/uploads\/2021\/03\/socjopercepcja-17_Strona_1-1-212x300.jpg 212w, https:\/\/pts.org.pl\/wp-content\/uploads\/2021\/03\/socjopercepcja-17_Strona_1-1-768x1086.jpg 768w, https:\/\/pts.org.pl\/wp-content\/uploads\/2021\/03\/socjopercepcja-17_Strona_1-1-1086x1536.jpg 1086w, https:\/\/pts.org.pl\/wp-content\/uploads\/2021\/03\/socjopercepcja-17_Strona_1-1-1448x2048.jpg 1448w, https:\/\/pts.org.pl\/wp-content\/uploads\/2021\/03\/socjopercepcja-17_Strona_1-1-scaled.jpg 1810w\" sizes=\"(max-width: 724px) 100vw, 724px\" \/><\/figure><\/li><\/ul><\/figure>\n\n\n\n<p><\/p>\n","protected":false},"excerpt":{"rendered":"<p>Wroc\u0142awski oddzia\u0142 Polskiego Towarzystwa Socjologicznego, Instytut Socjologii Uniwersytetu Wroc\u0142awskiego, we wsp\u00f3\u0142pracy ze Stref\u0105 Kultury Wroc\u0142aw i Muzeum Wsp\u00f3\u0142czesnym Wroc\u0142aw serdecznie zapraszaj\u0105 do udzia\u0142u w marcowym spotkaniu SocjoPercepcji pt. Cywilizacja europejska? To by\u0142by niez\u0142y pomys\u0142!, kt\u00f3re odb\u0119dzie si\u0119 24 marca (\u015broda) o godz. 18:00 na platformie ZOOM. Prowadzenie: dr Mateusz Karolak &#8211; socjolog, adiunkt w Instytucie [&hellip;]<\/p>\n","protected":false},"author":11,"featured_media":0,"comment_status":"open","ping_status":"open","sticky":false,"template":"","format":"standard","meta":[],"categories":[],"tags":[],"_links":{"self":[{"href":"https:\/\/pts.org.pl\/en\/wp-json\/wp\/v2\/posts\/5115"}],"collection":[{"href":"https:\/\/pts.org.pl\/en\/wp-json\/wp\/v2\/posts"}],"about":[{"href":"https:\/\/pts.org.pl\/en\/wp-json\/wp\/v2\/types\/post"}],"author":[{"embeddable":true,"href":"https:\/\/pts.org.pl\/en\/wp-json\/wp\/v2\/users\/11"}],"replies":[{"embeddable":true,"href":"https:\/\/pts.org.pl\/en\/wp-json\/wp\/v2\/comments?post=5115"}],"version-history":[{"count":1,"href":"https:\/\/pts.org.pl\/en\/wp-json\/wp\/v2\/posts\/5115\/revisions"}],"predecessor-version":[{"id":5118,"href":"https:\/\/pts.org.pl\/en\/wp-json\/wp\/v2\/posts\/5115\/revisions\/5118"}],"wp:attachment":[{"href":"https:\/\/pts.org.pl\/en\/wp-json\/wp\/v2\/media?parent=5115"}],"wp:term":[{"taxonomy":"category","embeddable":true,"href":"https:\/\/pts.org.pl\/en\/wp-json\/wp\/v2\/categories?post=5115"},{"taxonomy":"post_tag","embeddable":true,"href":"https:\/\/pts.org.pl\/en\/wp-json\/wp\/v2\/tags?post=5115"}],"curies":[{"name":"wp","href":"https:\/\/api.w.org\/{rel}","templated":true}]}}