{"id":5079,"date":"2021-02-01T14:35:19","date_gmt":"2021-02-01T14:35:19","guid":{"rendered":"https:\/\/pts.org.pl\/?p=5079"},"modified":"2021-02-01T14:35:21","modified_gmt":"2021-02-01T14:35:21","slug":"dyskusja-wokol-ksiazki-droga-do-wojny-kulturowej-ideologia-dobrej-zmiany","status":"publish","type":"post","link":"https:\/\/pts.org.pl\/en\/dyskusja-wokol-ksiazki-droga-do-wojny-kulturowej-ideologia-dobrej-zmiany\/","title":{"rendered":"Dyskusja wok\u00f3\u0142 ksi\u0105\u017cki Droga do wojny kulturowej. Ideologia dobrej zmiany"},"content":{"rendered":"<div class=\"fcbkbttn_buttons_block\" id=\"fcbkbttn_left\"><div class=\"fcbkbttn_button\">\n                            <a href=\"https:\/\/www.facebook.com\/\" target=\"_blank\">\n                                <img src=\"https:\/\/pts.org.pl\/wp-content\/plugins\/facebook-button-plugin\/images\/standard-facebook-ico.png\" alt=\"Fb-Button\" \/>\n                            <\/a>\n                        <\/div><div class=\"fcbkbttn_like \"><fb:like href=\"https:\/\/pts.org.pl\/en\/dyskusja-wokol-ksiazki-droga-do-wojny-kulturowej-ideologia-dobrej-zmiany\/\" action=\"like\" colorscheme=\"light\" layout=\"button_count\"  size=\"small\"><\/fb:like><\/div><\/div>\n<p>Oddzia\u0142 Zielonog\u00f3rski PTS zaprasza na dyskusj\u0119 wok\u00f3\u0142 ksi\u0105\u017cki Droga do wojny kulturowej. Ideologia&nbsp;<em>Dobrej Zmiany<\/em>. Wprowadzenie do debaty wyg\u0142osi autor ksi\u0105\u017cki dr hab. Lech Szczeg\u00f3\u0142a, prof. UZ.<\/p>\n\n\n\n<p>Spotkanie on-line odb\u0119dzie si\u0119 w \u015brod\u0119 17 lutego 2021 r. na platformie Zoom. Pocz\u0105tek spotkania o godzinie 11:30.<\/p>\n\n\n\n<p>Link do spotkania:<\/p>\n\n\n\n<figure class=\"wp-block-embed\"><div class=\"wp-block-embed__wrapper\">\nhttps:\/\/zoom.us\/j\/93009219741?pwd=Q3Q1MTNLS3M2S285NU1XcVRaT3VvUT09\n<\/div><\/figure>\n\n\n\n<p>Meeting ID: 930 0921 9741&nbsp;&nbsp;&nbsp;&nbsp;&nbsp;<\/p>\n\n\n\n<p>Passcode: 764354<\/p>\n\n\n\n<p>Link do wydarzenia na Facebooku: https:\/\/www.facebook.com\/events\/715640479093130<\/p>\n\n\n\n<div class=\"wp-block-file\"><a href=\"https:\/\/pts.org.pl\/wp-content\/uploads\/2021\/02\/Ideologia-dobrej-zmiany_plakat.pdf\">Ideologia dobrej zmiany_plakat<\/a><a href=\"https:\/\/pts.org.pl\/wp-content\/uploads\/2021\/02\/Ideologia-dobrej-zmiany_plakat.pdf\" class=\"wp-block-file__button\" download>Pobierz<\/a><\/div>\n\n\n\n<p><\/p>\n","protected":false},"excerpt":{"rendered":"<p>Oddzia\u0142 Zielonog\u00f3rski PTS zaprasza na dyskusj\u0119 wok\u00f3\u0142 ksi\u0105\u017cki Droga do wojny kulturowej. Ideologia&nbsp;Dobrej Zmiany. Wprowadzenie do debaty wyg\u0142osi autor ksi\u0105\u017cki dr hab. Lech Szczeg\u00f3\u0142a, prof. UZ. Spotkanie on-line odb\u0119dzie si\u0119 w \u015brod\u0119 17 lutego 2021 r. na platformie Zoom. Pocz\u0105tek spotkania o godzinie 11:30. Link do spotkania: Meeting ID: 930 0921 9741&nbsp;&nbsp;&nbsp;&nbsp;&nbsp; Passcode: 764354 Link [&hellip;]<\/p>\n","protected":false},"author":11,"featured_media":0,"comment_status":"open","ping_status":"open","sticky":false,"template":"","format":"standard","meta":[],"categories":[],"tags":[],"_links":{"self":[{"href":"https:\/\/pts.org.pl\/en\/wp-json\/wp\/v2\/posts\/5079"}],"collection":[{"href":"https:\/\/pts.org.pl\/en\/wp-json\/wp\/v2\/posts"}],"about":[{"href":"https:\/\/pts.org.pl\/en\/wp-json\/wp\/v2\/types\/post"}],"author":[{"embeddable":true,"href":"https:\/\/pts.org.pl\/en\/wp-json\/wp\/v2\/users\/11"}],"replies":[{"embeddable":true,"href":"https:\/\/pts.org.pl\/en\/wp-json\/wp\/v2\/comments?post=5079"}],"version-history":[{"count":1,"href":"https:\/\/pts.org.pl\/en\/wp-json\/wp\/v2\/posts\/5079\/revisions"}],"predecessor-version":[{"id":5081,"href":"https:\/\/pts.org.pl\/en\/wp-json\/wp\/v2\/posts\/5079\/revisions\/5081"}],"wp:attachment":[{"href":"https:\/\/pts.org.pl\/en\/wp-json\/wp\/v2\/media?parent=5079"}],"wp:term":[{"taxonomy":"category","embeddable":true,"href":"https:\/\/pts.org.pl\/en\/wp-json\/wp\/v2\/categories?post=5079"},{"taxonomy":"post_tag","embeddable":true,"href":"https:\/\/pts.org.pl\/en\/wp-json\/wp\/v2\/tags?post=5079"}],"curies":[{"name":"wp","href":"https:\/\/api.w.org\/{rel}","templated":true}]}}