{"id":4926,"date":"2020-12-14T22:33:00","date_gmt":"2020-12-14T22:33:00","guid":{"rendered":"https:\/\/pts.org.pl\/?p=4926"},"modified":"2020-12-15T22:33:56","modified_gmt":"2020-12-15T22:33:56","slug":"czwartek-z-socjologia-historyczna-2","status":"publish","type":"post","link":"https:\/\/pts.org.pl\/en\/czwartek-z-socjologia-historyczna-2\/","title":{"rendered":"&#8220;Czwartek z Socjologi\u0105 Historyczn\u0105&#8221;"},"content":{"rendered":"<div class=\"fcbkbttn_buttons_block\" id=\"fcbkbttn_left\"><div class=\"fcbkbttn_button\">\n                            <a href=\"https:\/\/www.facebook.com\/\" target=\"_blank\">\n                                <img src=\"https:\/\/pts.org.pl\/wp-content\/plugins\/facebook-button-plugin\/images\/standard-facebook-ico.png\" alt=\"Fb-Button\" \/>\n                            <\/a>\n                        <\/div><div class=\"fcbkbttn_like \"><fb:like href=\"https:\/\/pts.org.pl\/en\/czwartek-z-socjologia-historyczna-2\/\" action=\"like\" colorscheme=\"light\" layout=\"button_count\"  size=\"small\"><\/fb:like><\/div><\/div>\n<p class=\"has-text-align-center\">Zapraszamy na seminarium, na kt\u00f3rym<br>ADAM LESZCZY\u0143SKI<br>(Uniwersytet SWPS)<br>wyg\u0142osi wyst\u0105pienie<br>LUDOWA HISTORIA POLSKI<br>JAKO PROBLEM METODOLOGICZNY<br><\/p>\n\n\n\n<p class=\"has-text-align-center\">Komentarz:<br>STANIS\u0141AW WITECKI<br>(Uniwersytet Jagiello\u0144ski)<br><\/p>\n\n\n\n<p class=\"has-text-align-center\">Internetowe spotkanie odb\u0119dzie si\u0119 17 grudnia<br>2020 r. o godz. 17.00, na platformie Zoom.<br><\/p>\n\n\n\n<p class=\"has-text-align-center\">Zainteresowanych prosimy o kontakt mailowy<br>z Jaros\u0142awem Kiliasem (kilias@chello.pl) lub<br>Micha\u0142em Rauszerem (mrauszer@gmail.com).<br>\u0141\u0105cza do seminarium zostan\u0105 wys\u0142ane drog\u0105<br>mailow\u0105.<br><\/p>\n\n\n\n<p class=\"has-text-align-center\">Anna Sosnowska, Micha\u0142 Rauszer,<br>Nicolas Maslowski, Adam Leszczy\u0144ski<br>i Jaros\u0142aw Kilias<\/p>\n\n\n\n<div class=\"wp-block-file\"><a href=\"https:\/\/pts.org.pl\/wp-content\/uploads\/2020\/12\/Czwartek-17.12.20.pdf\">Czwartek-17.12.20<\/a><a href=\"https:\/\/pts.org.pl\/wp-content\/uploads\/2020\/12\/Czwartek-17.12.20.pdf\" class=\"wp-block-file__button\" download>Pobierz<\/a><\/div>\n\n\n\n<p><\/p>\n","protected":false},"excerpt":{"rendered":"<p>Zapraszamy na seminarium, na kt\u00f3rymADAM LESZCZY\u0143SKI(Uniwersytet SWPS)wyg\u0142osi wyst\u0105pienieLUDOWA HISTORIA POLSKIJAKO PROBLEM METODOLOGICZNY Komentarz:STANIS\u0141AW WITECKI(Uniwersytet Jagiello\u0144ski) Internetowe spotkanie odb\u0119dzie si\u0119 17 grudnia2020 r. o godz. 17.00, na platformie Zoom. Zainteresowanych prosimy o kontakt mailowyz Jaros\u0142awem Kiliasem (kilias@chello.pl) lubMicha\u0142em Rauszerem (mrauszer@gmail.com).\u0141\u0105cza do seminarium zostan\u0105 wys\u0142ane drog\u0105mailow\u0105. Anna Sosnowska, Micha\u0142 Rauszer,Nicolas Maslowski, Adam Leszczy\u0144skii Jaros\u0142aw Kilias<\/p>\n","protected":false},"author":11,"featured_media":0,"comment_status":"open","ping_status":"open","sticky":false,"template":"","format":"standard","meta":[],"categories":[],"tags":[],"_links":{"self":[{"href":"https:\/\/pts.org.pl\/en\/wp-json\/wp\/v2\/posts\/4926"}],"collection":[{"href":"https:\/\/pts.org.pl\/en\/wp-json\/wp\/v2\/posts"}],"about":[{"href":"https:\/\/pts.org.pl\/en\/wp-json\/wp\/v2\/types\/post"}],"author":[{"embeddable":true,"href":"https:\/\/pts.org.pl\/en\/wp-json\/wp\/v2\/users\/11"}],"replies":[{"embeddable":true,"href":"https:\/\/pts.org.pl\/en\/wp-json\/wp\/v2\/comments?post=4926"}],"version-history":[{"count":1,"href":"https:\/\/pts.org.pl\/en\/wp-json\/wp\/v2\/posts\/4926\/revisions"}],"predecessor-version":[{"id":4928,"href":"https:\/\/pts.org.pl\/en\/wp-json\/wp\/v2\/posts\/4926\/revisions\/4928"}],"wp:attachment":[{"href":"https:\/\/pts.org.pl\/en\/wp-json\/wp\/v2\/media?parent=4926"}],"wp:term":[{"taxonomy":"category","embeddable":true,"href":"https:\/\/pts.org.pl\/en\/wp-json\/wp\/v2\/categories?post=4926"},{"taxonomy":"post_tag","embeddable":true,"href":"https:\/\/pts.org.pl\/en\/wp-json\/wp\/v2\/tags?post=4926"}],"curies":[{"name":"wp","href":"https:\/\/api.w.org\/{rel}","templated":true}]}}