{"id":4924,"date":"2020-12-15T22:28:33","date_gmt":"2020-12-15T22:28:33","guid":{"rendered":"https:\/\/pts.org.pl\/?p=4924"},"modified":"2020-12-15T22:28:35","modified_gmt":"2020-12-15T22:28:35","slug":"seminarium-dyskusyjne-oddzialu-opolskiego-pts-metodologiczne-aspekty-badan-socjologicznych-w-sytuacji-pandemii","status":"publish","type":"post","link":"https:\/\/pts.org.pl\/en\/seminarium-dyskusyjne-oddzialu-opolskiego-pts-metodologiczne-aspekty-badan-socjologicznych-w-sytuacji-pandemii\/","title":{"rendered":"Seminarium dyskusyjne Oddzia\u0142u Opolskiego PTS: Metodologiczne aspekty bada\u0144 socjologicznych w sytuacji pandemii"},"content":{"rendered":"<div class=\"fcbkbttn_buttons_block\" id=\"fcbkbttn_left\"><div class=\"fcbkbttn_button\">\n                            <a href=\"https:\/\/www.facebook.com\/\" target=\"_blank\">\n                                <img src=\"https:\/\/pts.org.pl\/wp-content\/plugins\/facebook-button-plugin\/images\/standard-facebook-ico.png\" alt=\"Fb-Button\" \/>\n                            <\/a>\n                        <\/div><div class=\"fcbkbttn_like \"><fb:like href=\"https:\/\/pts.org.pl\/en\/seminarium-dyskusyjne-oddzialu-opolskiego-pts-metodologiczne-aspekty-badan-socjologicznych-w-sytuacji-pandemii\/\" action=\"like\" colorscheme=\"light\" layout=\"button_count\"  size=\"small\"><\/fb:like><\/div><\/div>\n<p>Oddzia\u0142 Opolski Polskiego Towarzystwa Socjologicznego zaprasza na seminarium dyskusyjne pt. \u201cMetodologiczne aspekty bada\u0144 socjologicznych w sytuacji pandemii\u201d. Tym razem chcieliby\u015bmy podzieli\u0107 si\u0119 z Pa\u0144stwem swoimi przemy\u015bleniami na temat problem\u00f3w, kt\u00f3re napotkali\u015bmy prowadz\u0105c badania socjologiczne w re\u017cimie pandemicznym.&nbsp;<\/p>\n\n\n\n<p><br>Dr hab. Teresa So\u0142dra-Gwi\u017cd\u017c, prof. UO opowie o swoich do\u015bwiadczeniach w badaniach m\u0142odzie\u017cy oraz w badaniach pracodawc\u00f3w, prowadzonych dla Wojew\u00f3dzkiego Urz\u0119du Pracy w Opolu, natomiast mgr Marcin Deutschmann o swoim udziale w tym projekcie, a tak\u017ce o problemach z badaniami zachowa\u0144 ryzykownych m\u0142odzie\u017cy w szko\u0142ach oraz badaniach opartych na paradygmacie obywatelskiej nauki prowadzonych w konsorcjum Uniwersytet\u00f3w Europejskich FORTHEM.<\/p>\n\n\n\n<p><br>Wszystkich uczestnik\u00f3w seminarium zapraszamy r\u00f3wnie\u017c do dyskusji i opowiedzenia o swoich w\u0142asnych do\u015bwiadczeniach oraz przemy\u015bleniach zwi\u0105zanych z &nbsp;prowadzeniem bada\u0144 socjologicznych w czasie pandemii.<br>Seminarium odb\u0119dzie si\u0119 w pi\u0105tek 18 grudnia 2020, o godzinie 13:00 na platformie ZOOM. Szczeg\u00f3\u0142y techniczne i link do spotkania przes\u0142ane zostan\u0105 osobom, kt\u00f3re dokonaj\u0105 rejestracji za po\u015brednictwem formularza zg\u0142oszeniowego pod adresem:&nbsp;<a href=\"https:\/\/badania.uni.opole.pl\/index.php\/193795?newtest=Y&amp;lang=pl\" target=\"_blank\" rel=\"noreferrer noopener\">https:\/\/badania.uni.opole.pl\/index.php\/193795?newtest=Y&amp;lang=pl<\/a><br><br>Dr hab. Teresa So\u0142dra-Gwi\u017cd\u017c, prof. UO: absolwentka socjologii UJ, doktoryzowa\u0142a si\u0119 i habilitowa\u0142a na Uniwersytecie Jagiello\u0144skim. Obecnie pracuje w Katedrze Nauk Socjologicznych i Pracy Socjalnej Uniwersytetu Opolskiego. Autorka wielu prac naukowych obrazuj\u0105cych rol\u0119 instytucji spo\u0142ecznych w kszta\u0142towaniu wi\u0119zi regionalnej oraz stosunk\u00f3w mi\u0119dzygrupowych w zr\u00f3\u017cnicowanym etniczne i kulturowo regionie pogranicza oraz monografii po\u015bwi\u0119conej problematowi \u015al\u0105ska. Ostatnio wyda\u0142a monografi\u0119 po\u015bwi\u0119con\u0105 problemom spo\u0142ecznym \u015al\u0105ska Opolskiego pt. \u201eLokalne, regionalne czy globalne? Problemy spo\u0142eczne \u015al\u0105ska Opolskiego: kryzys demograficzny, migracje, rynek pracy\u201d (NOMOS, Krak\u00f3w 2019). W latach 2007-2012 by\u0142a dyrektork\u0105 Pa\u0144stwowego Instytutu Naukowego-Instytutu \u015al\u0105skiego w Opolu. Kierowa\u0142a wieloma badaniami empirycznymi, w tym istotnymi z punktu widzenia tematyki spotkania, badaniami nad spo\u0142ecznymi skutkami powodzi w lipcu 1997 roku w wojew\u00f3dztwie opolskim, kt\u00f3rych rezultaty zosta\u0142y opublikowane w monografii, pod red. K. Frysztackiego i T. So\u0142dry-Gwi\u017cdz, pt.\u201dNaturalna katastrofa i spo\u0142eczne reakcje\u201d. (Stowarzyszenie Instytut \u015al\u0105ski, PIN-Instytut \u015al\u0105ski, Opole 1999).<br><br>Marcin Deutschmann jest absolwentem Instytutu Socjologii Uniwersytetu Opolskiego. Obecnie pracuje w Katedrze Nauk Socjologicznych i Pracy Socjalnej UO oraz przygotowuje prac\u0119 doktorsk\u0105 na Wydziale Filologicznym tego\u017c samego Uniwersytetu. Jest koordynatorem polskiej cz\u0119\u015bci projektu Obywatelskiej Nauki, prowadzonego w ramach dzia\u0142alno\u015bci pracowni Multilingualism in Schools and Higher Education, kt\u00f3ra powsta\u0142a w konsorcjum Uniwersytet\u00f3w Europejskich ForThem.<\/p>\n","protected":false},"excerpt":{"rendered":"<p>Oddzia\u0142 Opolski Polskiego Towarzystwa Socjologicznego zaprasza na seminarium dyskusyjne pt. \u201cMetodologiczne aspekty bada\u0144 socjologicznych w sytuacji pandemii\u201d. Tym razem chcieliby\u015bmy podzieli\u0107 si\u0119 z Pa\u0144stwem swoimi przemy\u015bleniami na temat problem\u00f3w, kt\u00f3re napotkali\u015bmy prowadz\u0105c badania socjologiczne w re\u017cimie pandemicznym.&nbsp; Dr hab. Teresa So\u0142dra-Gwi\u017cd\u017c, prof. UO opowie o swoich do\u015bwiadczeniach w badaniach m\u0142odzie\u017cy oraz w badaniach pracodawc\u00f3w, prowadzonych [&hellip;]<\/p>\n","protected":false},"author":11,"featured_media":0,"comment_status":"open","ping_status":"open","sticky":false,"template":"","format":"standard","meta":[],"categories":[],"tags":[],"_links":{"self":[{"href":"https:\/\/pts.org.pl\/en\/wp-json\/wp\/v2\/posts\/4924"}],"collection":[{"href":"https:\/\/pts.org.pl\/en\/wp-json\/wp\/v2\/posts"}],"about":[{"href":"https:\/\/pts.org.pl\/en\/wp-json\/wp\/v2\/types\/post"}],"author":[{"embeddable":true,"href":"https:\/\/pts.org.pl\/en\/wp-json\/wp\/v2\/users\/11"}],"replies":[{"embeddable":true,"href":"https:\/\/pts.org.pl\/en\/wp-json\/wp\/v2\/comments?post=4924"}],"version-history":[{"count":1,"href":"https:\/\/pts.org.pl\/en\/wp-json\/wp\/v2\/posts\/4924\/revisions"}],"predecessor-version":[{"id":4925,"href":"https:\/\/pts.org.pl\/en\/wp-json\/wp\/v2\/posts\/4924\/revisions\/4925"}],"wp:attachment":[{"href":"https:\/\/pts.org.pl\/en\/wp-json\/wp\/v2\/media?parent=4924"}],"wp:term":[{"taxonomy":"category","embeddable":true,"href":"https:\/\/pts.org.pl\/en\/wp-json\/wp\/v2\/categories?post=4924"},{"taxonomy":"post_tag","embeddable":true,"href":"https:\/\/pts.org.pl\/en\/wp-json\/wp\/v2\/tags?post=4924"}],"curies":[{"name":"wp","href":"https:\/\/api.w.org\/{rel}","templated":true}]}}