{"id":4904,"date":"2020-12-10T09:34:20","date_gmt":"2020-12-10T09:34:20","guid":{"rendered":"https:\/\/pts.org.pl\/?p=4904"},"modified":"2020-12-10T09:34:22","modified_gmt":"2020-12-10T09:34:22","slug":"spotkanie-socjopercepcji-pt-jaka-matka-taka-corka-miedzypokoleniowe-doswiadczanie-kobiecosci","status":"publish","type":"post","link":"https:\/\/pts.org.pl\/en\/spotkanie-socjopercepcji-pt-jaka-matka-taka-corka-miedzypokoleniowe-doswiadczanie-kobiecosci\/","title":{"rendered":"Spotkanie SocjoPercepcji pt. Jaka matka, taka c\u00f3rka? Mi\u0119dzypokoleniowe do\u015bwiadczanie kobieco\u015bci"},"content":{"rendered":"<div class=\"fcbkbttn_buttons_block\" id=\"fcbkbttn_left\"><div class=\"fcbkbttn_button\">\n                            <a href=\"https:\/\/www.facebook.com\/\" target=\"_blank\">\n                                <img src=\"https:\/\/pts.org.pl\/wp-content\/plugins\/facebook-button-plugin\/images\/standard-facebook-ico.png\" alt=\"Fb-Button\" \/>\n                            <\/a>\n                        <\/div><div class=\"fcbkbttn_like \"><fb:like href=\"https:\/\/pts.org.pl\/en\/spotkanie-socjopercepcji-pt-jaka-matka-taka-corka-miedzypokoleniowe-doswiadczanie-kobiecosci\/\" action=\"like\" colorscheme=\"light\" layout=\"button_count\"  size=\"small\"><\/fb:like><\/div><\/div>\n<p>w imieniu Zarz\u0105du Oddzia\u0142u Wroc\u0142awskiego\u00a0zapraszam do udzia\u0142u w grudniowym spotkaniu SocjoPercepcji pt. <strong>Jaka matka, taka c\u00f3rka? Mi\u0119dzypokoleniowe do\u015bwiadczanie kobieco\u015bci<\/strong>, kt\u00f3re odb\u0119dzie si\u0119 13 grudnia o godz. 17:00 na platformie ZOOM.\u00a0<\/p>\n\n\n\n<p>Prowadzenie:&nbsp;<\/p>\n\n\n\n<p><strong>dr Justyna Kajta<\/strong>(Uniwersytet Wroc\u0142awski)&nbsp;<\/p>\n\n\n\n<p>Go\u015bcinie:&nbsp;<\/p>\n\n\n\n<p><strong>dr hab. El\u017cbieta Korolczuk<\/strong>(Uniwersytet Warszawski\/ S\u00f6dert\u00f6rn University) &#8211; socjolo\u017cka, autorka ksi\u0105\u017cki \u201eMatki i c\u00f3rki we wsp\u00f3\u0142czesnej Polsce\u201d&nbsp;<\/p>\n\n\n\n<p><strong>Katarzyna Barczyk-Matkowska<\/strong>\u2013 autorka bloga Lady Pasztet&nbsp;<\/p>\n\n\n\n<p>&nbsp;W ostatnim czasie ulice polskich miast i miasteczek wype\u0142nione zosta\u0142y protestami w obronie praw kobiet, a bezpo\u015brednim powodem do wyra\u017cenia sprzeciwu by\u0142 wyrok Trybuna\u0142u Konstytucyjnego w sprawie ograniczenia mo\u017cliwo\u015bci dokonywania aborcji. Cho\u0107 protesty zdominowane by\u0142y przez m\u0142odych ludzi, to nie brakowa\u0142o tam te\u017c mi\u0119dzypokoleniowych spotka\u0144 i wsp\u00f3lnych g\u0142os\u00f3w c\u00f3rek, matek i bab\u0107. Grudniowe spotkanie SocjoPercepcji po\u015bwi\u0119cone zostanie w\u0142a\u015bnie tym kobiecym g\u0142osom, a dok\u0142adniej mi\u0119dzypokoleniowym relacjom kobiet \u2013 matek i c\u00f3rek.&nbsp;<\/p>\n\n\n\n<p>Znane przys\u0142owie zawarte w tytule spotkania sugeruje, \u017ce c\u00f3rki pod\u0105\u017caj\u0105 \u015bladami swoich matek i ostatecznie staj\u0105 si\u0119 do nich bardzo podobne w swoim zachowaniu. Jak to przys\u0142owie weryfikuje rzeczywisto\u015b\u0107? Na ile zmieniaj\u0105ce si\u0119 konteksty spo\u0142eczno-kulturowe, w kt\u00f3rych wychowywa\u0142y i wychowuj\u0105 si\u0119 kobiety wp\u0142ywaj\u0105 na relacje matek i c\u00f3rek oraz ich (nie)zgodno\u015b\u0107 co do wyobra\u017conych i po\u017c\u0105danych model\u00f3w kobiecej to\u017csamo\u015bci? Jakie mo\u017cliwe napi\u0119cia si\u0119 tutaj pojawiaj\u0105 i z czego wynikaj\u0105? Jak na definiowanie kobieco\u015bci przez c\u00f3rki mog\u0105 wp\u0142ywa\u0107 takie do\u015bwiadczenia, jak wyprowadzka do wi\u0119kszego miasta, awans klasowy, macierzy\u0144stwo? Mi\u0119dzy innymi tym pytaniom po\u015bwi\u0119cimy nasza dyskusj\u0119, a punktem wyj\u015bcia dla niej b\u0119dzie znakomita ksi\u0105\u017cka dr hab. El\u017cbiety Korolczuk: \u201eMatki i c\u00f3rki we wsp\u00f3\u0142czesnej Polsce\u201d.&nbsp;<\/p>\n\n\n\n<p>Wi\u0119cej informacji:&nbsp;https:\/\/www.facebook.com\/events\/201306321438039&nbsp;<\/p>\n\n\n\n<p>Link do spotkania:&nbsp;<a href=\"https:\/\/zoom.us\/j\/96385208152?pwd=bk5YcnE2c3lHSFNFRnZ6UUFqMzNNdz09\" target=\"_blank\" rel=\"noreferrer noopener\">https:\/\/zoom.us\/j\/96385208152?pwd=bk5YcnE2c3lHSFNFRnZ6UUFqMzNNdz09<\/a>&nbsp;<\/p>\n","protected":false},"excerpt":{"rendered":"<p>w imieniu Zarz\u0105du Oddzia\u0142u Wroc\u0142awskiego\u00a0zapraszam do udzia\u0142u w grudniowym spotkaniu SocjoPercepcji pt. Jaka matka, taka c\u00f3rka? Mi\u0119dzypokoleniowe do\u015bwiadczanie kobieco\u015bci, kt\u00f3re odb\u0119dzie si\u0119 13 grudnia o godz. 17:00 na platformie ZOOM.\u00a0 Prowadzenie:&nbsp; dr Justyna Kajta(Uniwersytet Wroc\u0142awski)&nbsp; Go\u015bcinie:&nbsp; dr hab. El\u017cbieta Korolczuk(Uniwersytet Warszawski\/ S\u00f6dert\u00f6rn University) &#8211; socjolo\u017cka, autorka ksi\u0105\u017cki \u201eMatki i c\u00f3rki we wsp\u00f3\u0142czesnej Polsce\u201d&nbsp; Katarzyna Barczyk-Matkowska\u2013 [&hellip;]<\/p>\n","protected":false},"author":11,"featured_media":0,"comment_status":"open","ping_status":"open","sticky":false,"template":"","format":"standard","meta":[],"categories":[],"tags":[],"_links":{"self":[{"href":"https:\/\/pts.org.pl\/en\/wp-json\/wp\/v2\/posts\/4904"}],"collection":[{"href":"https:\/\/pts.org.pl\/en\/wp-json\/wp\/v2\/posts"}],"about":[{"href":"https:\/\/pts.org.pl\/en\/wp-json\/wp\/v2\/types\/post"}],"author":[{"embeddable":true,"href":"https:\/\/pts.org.pl\/en\/wp-json\/wp\/v2\/users\/11"}],"replies":[{"embeddable":true,"href":"https:\/\/pts.org.pl\/en\/wp-json\/wp\/v2\/comments?post=4904"}],"version-history":[{"count":1,"href":"https:\/\/pts.org.pl\/en\/wp-json\/wp\/v2\/posts\/4904\/revisions"}],"predecessor-version":[{"id":4905,"href":"https:\/\/pts.org.pl\/en\/wp-json\/wp\/v2\/posts\/4904\/revisions\/4905"}],"wp:attachment":[{"href":"https:\/\/pts.org.pl\/en\/wp-json\/wp\/v2\/media?parent=4904"}],"wp:term":[{"taxonomy":"category","embeddable":true,"href":"https:\/\/pts.org.pl\/en\/wp-json\/wp\/v2\/categories?post=4904"},{"taxonomy":"post_tag","embeddable":true,"href":"https:\/\/pts.org.pl\/en\/wp-json\/wp\/v2\/tags?post=4904"}],"curies":[{"name":"wp","href":"https:\/\/api.w.org\/{rel}","templated":true}]}}