{"id":4884,"date":"2020-12-07T10:49:20","date_gmt":"2020-12-07T10:49:20","guid":{"rendered":"https:\/\/pts.org.pl\/?p=4884"},"modified":"2020-12-07T10:49:22","modified_gmt":"2020-12-07T10:49:22","slug":"wyklad-profesor-ewy-letowskiej-pt-o-prawie-i-jego-artefaktach","status":"publish","type":"post","link":"https:\/\/pts.org.pl\/en\/wyklad-profesor-ewy-letowskiej-pt-o-prawie-i-jego-artefaktach\/","title":{"rendered":"Wyk\u0142ad Profesor Ewy \u0141\u0119towskiej pt. O prawie i jego artefaktach"},"content":{"rendered":"<div class=\"fcbkbttn_buttons_block\" id=\"fcbkbttn_left\"><div class=\"fcbkbttn_button\">\n                            <a href=\"https:\/\/www.facebook.com\/\" target=\"_blank\">\n                                <img src=\"https:\/\/pts.org.pl\/wp-content\/plugins\/facebook-button-plugin\/images\/standard-facebook-ico.png\" alt=\"Fb-Button\" \/>\n                            <\/a>\n                        <\/div><div class=\"fcbkbttn_like \"><fb:like href=\"https:\/\/pts.org.pl\/en\/wyklad-profesor-ewy-letowskiej-pt-o-prawie-i-jego-artefaktach\/\" action=\"like\" colorscheme=\"light\" layout=\"button_count\"  size=\"small\"><\/fb:like><\/div><\/div>\n<p>Szanowni Pa\u0144stwo,&nbsp;<\/p>\n\n\n\n<p>mamy przyjemno\u015b\u0107 serdecznie zaprosi\u0107 Pa\u0144stwa na&nbsp;<strong>wyk\u0142ad Profesor Ewy \u0141\u0119towskiej pt.&nbsp;<em>O prawie i jego artefaktach<\/em><\/strong>, kt\u00f3ry odb\u0119dzie si\u0119 w ramach cyklu&nbsp;<em>Spotkania Mistrzowskie Instytutu Socjologii UJ<\/em>&nbsp;\u2013 serii spotka\u0144 on-line z wybitnymi przedstawicielkami i przedstawicielami \u017cycia naukowego w Polsce i na \u015bwiecie.&nbsp;<\/p>\n\n\n\n<p>Kilka s\u0142\u00f3w o wyk\u0142adzie:<\/p>\n\n\n\n<p><em>Prawo jest zjawiskiem normatywnym, m\u00f3wi \u201ejak ma by\u0107\u201d. U swej genezy powstaje jako tekst uchwalony przez parlament. Ale jest to instrument \u017cyj\u0105cy &#8211; uchwalone i \u201ewypuszczone w \u015bwiat\u201d \u2013 zmienia si\u0119 pod wp\u0142ywem tych, kt\u00f3rzy je stosuj\u0105 i&nbsp;&nbsp;&nbsp;kt\u00f3rzy swoj\u0105 interpretacj\u0105 nadaj\u0105 mu inn\u0105 posta\u0107 lub znaczenie.&nbsp;&nbsp;To zjawisko normalne, w pewien spos\u00f3b zamierzone i pozostaj\u0105ce \u2013 do pewnego stopnia \u2013 pod kontrol\u0105. Niekiedy jednak spod kontroli si\u0119 wymyka i wtedy prawo&nbsp;&nbsp;&nbsp;staje si\u0119 przedmiotem interesownej manipulacji. &nbsp;<\/em><\/p>\n\n\n\n<p><em>Jedno z najbardziej rozpowszechnionych z\u0142udze\u0144 dotyczy relacji tekst prawa \u2013 rzeczywisto\u015b\u0107. To idealizuj\u0105ce z\u0142udzenie (kt\u00f3remu niestety, tak\u017ce ulegaj\u0105 nauczaj\u0105cy prawa) rzutuje na nieadekwatno\u015b\u0107 metod, przy pomocy kt\u00f3rych chce si\u0119 bada\u0107 rzeczywisto\u015b\u0107 ukszta\u0142towan\u0105 przez prawo (zawodno\u015b\u0107 wywiadu, gdy chce si\u0119 bada\u0107 co\u015b, ma pozosta\u0107 w ukryciu; zawodno\u015b\u0107 bada\u0144 prowadzonych w oparciu o orzecznictwo s\u0105dowe). W konsekwencji wnioski optymalizacyjne b\u0119d\u0105 oparte o fa\u0142szywy fundament, a ocena rzeczywistej relacji prawo-rzeczywisto\u015b\u0107 pozostan\u0105 nierozpoznane.&nbsp;<\/em><\/p>\n\n\n\n<p><em>Jak odr\u00f3\u017cnia\u0107 prawo od jego zmanipulowanego, nierozpoznanego artefaktu? Jak\u0105 rol\u0119 odgrywa tu sp\u00f3r o aksjologiczny paradygmat: czy prawo ma by\u0107 mieczem w r\u0119ku silniejszego, czy te\u017c tarcz\u0105 s\u0142u\u017c\u0105c\u0105 s\u0142abszemu. &nbsp;<\/em><\/p>\n\n\n\n<p>Profesor Ewa \u0141\u0119towska&nbsp;<\/p>\n\n\n\n<p>Wyk\u0142ad odb\u0119dzie si\u0119&nbsp;<strong>17 grudnia 2020 r.<\/strong>&nbsp;(czwartek) o godz.&nbsp;<strong>18:00<\/strong>&nbsp;na platformie MsTeams&nbsp;<\/p>\n\n\n\n<ul><li>LINK do spotkania w MsTeams:&nbsp;<a href=\"https:\/\/teams.microsoft.com\/l\/meetup-join\/19%3a6a63f2fb6fd2420ea83df5794031658b%40thread.tacv2\/1606734614176?context=%7b%22Tid%22%3a%22eb0e26eb-bfbe-47d2-9e90-ebd2426dbceb%22%2c%22Oid%22%3a%2270064893-d07f-40d7-b83b-9fe3b0107d73%22%7d\" target=\"_blank\" rel=\"noreferrer noopener\">https:\/\/teams.microsoft.com\/l\/meetup-join\/19%3a6a63f2fb6fd2420ea83df5794031658b%40thread.tacv2\/1606734614176?context=%7b%22Tid%22%3a%22eb0e26eb-bfbe-47d2-9e90-ebd2426dbceb%22%2c%22Oid%22%3a%2270064893-d07f-40d7-b83b-9fe3b0107d73%22%7d<\/a><\/li><\/ul>\n\n\n\n<p><strong>Ewa \u0141\u0119towska<\/strong>&nbsp;\u2013 prawniczka, profesor dr hab., dr h.c. (multi); cz\u0142onkini rzeczywista PAN, cz\u0142onkini czynna PAU, pierwsza Rzecznik Praw Obywatelskich (1988-1992), s\u0119dzia Naczelnego S\u0105du Administracyjnego (1999-2002) i Trybuna\u0142u Konstytucyjnego (2002-2011). Specjalizuje si\u0119 w prawie&nbsp;cywilnym,&nbsp;konstytucyjnym,&nbsp;prawach cz\u0142owieka. Autorka kilkuset publikacji naukowych. Zajmuje si\u0119 tak\u017ce eseistyk\u0105 i popularyzacj\u0105, a tak\u017ce pisuje o muzyce powa\u017cnej. Sama za najbardziej znacz\u0105ce (z r\u00f3\u017cnych wzgl\u0119d\u00f3w) pozycje w ostatniego dwudziestolecia swej pracy uwa\u017ca:&nbsp;&nbsp;<\/p>\n\n\n\n<ul><li><em>Zbieg norm w prawie cywilnym<\/em>, Warszawa 2002;&nbsp;<em>Prawo um\u00f3w konsumenckich<\/em>, Warszawa 1999 (nagrody im. L. Petra\u017cyckiego,&nbsp;nagroda naukowa im. M. Kopernika);&nbsp;<\/li><li><em>Europejskie prawo um\u00f3w konsumenckich<\/em>, Warszawa 2004;&nbsp;<\/li><li><em>\u201eMulticentryczno\u015b\u0107\u201d systemu prawa i wyk\u0142adnia jej przyjazna<\/em>&nbsp;[w:]&nbsp;<em>Rozprawy prawnicze. Ksi\u0119ga pami\u0105tkowa Profesora Maksymiliana Pazdana<\/em>, red. L. Ogieg\u0142o, W. Popio\u0142ek, M. Szpunar, Krak\u00f3w 2005;&nbsp;<\/li><li><em>Nieodzowno\u015b\u0107 wyk\u0142adni dynamicznej przy ocenie re\u017cimu prawnego Ko\u015bcielnej Komisji Maj\u0105tkowej (przyczynek do brak\u00f3w w metodach prawniczej analizy problemu)<\/em>&nbsp;[w:]&nbsp;<em>Prawne granice wolno\u015bci sumienia i wyznania<\/em>, red. i wst\u0119p R. Wieruszewski, M. Wyrzykowski, L. Kondratiewa-Bryzik, Warszawa 2012;&nbsp;<\/li><li><em>Odpowiedzialno\u015b\u0107 Ko\u015bcio\u0142a za szkody wyrz\u0105dzone przez ksi\u0119\u017cy<\/em>, \u201ePa\u0144stwo i Prawo\u201d nr 3\/2015, s. 6-20;&nbsp;<\/li><li><em>Prawo \u2013 miecz czy tarcza?<\/em>&nbsp;[w:]&nbsp;<em>Filozofia prawa. Normy i Fakty<\/em>, red. J. Ho\u0142\u00f3wka, B. Dziobkowski, Warszawa 2020.&nbsp;<\/li><\/ul>\n\n\n\n<p><strong>Organizator:<\/strong>&nbsp;<br>Instytut Socjologii Uniwersytetu Jagiello\u0144skiego w Krakowie&nbsp;<\/p>\n\n\n\n<p><strong>Wsp\u00f3\u0142organizatorzy:<\/strong><br>Interdyscyplinarne Centrum Analiz Spo\u0142eczno-Prawnych UJ<br>Sekcja Socjologii Prawa Polskiego Towarzystwa Socjologicznego\u00a0<\/p>\n\n\n\n<figure class=\"wp-block-gallery columns-1 is-cropped\"><ul class=\"blocks-gallery-grid\"><li class=\"blocks-gallery-item\"><figure><img loading=\"lazy\" width=\"724\" height=\"1024\" src=\"https:\/\/pts.org.pl\/wp-content\/uploads\/2020\/12\/O-prawie-i-jego-artefaktach-724x1024.png\" alt=\"\" data-id=\"4886\" data-full-url=\"https:\/\/pts.org.pl\/wp-content\/uploads\/2020\/12\/O-prawie-i-jego-artefaktach.png\" data-link=\"https:\/\/pts.org.pl\/?attachment_id=4886\" class=\"wp-image-4886\" srcset=\"https:\/\/pts.org.pl\/wp-content\/uploads\/2020\/12\/O-prawie-i-jego-artefaktach-724x1024.png 724w, https:\/\/pts.org.pl\/wp-content\/uploads\/2020\/12\/O-prawie-i-jego-artefaktach-212x300.png 212w, https:\/\/pts.org.pl\/wp-content\/uploads\/2020\/12\/O-prawie-i-jego-artefaktach-768x1086.png 768w, https:\/\/pts.org.pl\/wp-content\/uploads\/2020\/12\/O-prawie-i-jego-artefaktach-1086x1536.png 1086w, https:\/\/pts.org.pl\/wp-content\/uploads\/2020\/12\/O-prawie-i-jego-artefaktach-1448x2048.png 1448w, https:\/\/pts.org.pl\/wp-content\/uploads\/2020\/12\/O-prawie-i-jego-artefaktach.png 1587w\" sizes=\"(max-width: 724px) 100vw, 724px\" \/><\/figure><\/li><\/ul><\/figure>\n\n\n\n<p><\/p>\n","protected":false},"excerpt":{"rendered":"<p>Szanowni Pa\u0144stwo,&nbsp; mamy przyjemno\u015b\u0107 serdecznie zaprosi\u0107 Pa\u0144stwa na&nbsp;wyk\u0142ad Profesor Ewy \u0141\u0119towskiej pt.&nbsp;O prawie i jego artefaktach, kt\u00f3ry odb\u0119dzie si\u0119 w ramach cyklu&nbsp;Spotkania Mistrzowskie Instytutu Socjologii UJ&nbsp;\u2013 serii spotka\u0144 on-line z wybitnymi przedstawicielkami i przedstawicielami \u017cycia naukowego w Polsce i na \u015bwiecie.&nbsp; Kilka s\u0142\u00f3w o wyk\u0142adzie: Prawo jest zjawiskiem normatywnym, m\u00f3wi \u201ejak ma by\u0107\u201d. U swej [&hellip;]<\/p>\n","protected":false},"author":11,"featured_media":0,"comment_status":"open","ping_status":"open","sticky":false,"template":"","format":"standard","meta":[],"categories":[],"tags":[],"_links":{"self":[{"href":"https:\/\/pts.org.pl\/en\/wp-json\/wp\/v2\/posts\/4884"}],"collection":[{"href":"https:\/\/pts.org.pl\/en\/wp-json\/wp\/v2\/posts"}],"about":[{"href":"https:\/\/pts.org.pl\/en\/wp-json\/wp\/v2\/types\/post"}],"author":[{"embeddable":true,"href":"https:\/\/pts.org.pl\/en\/wp-json\/wp\/v2\/users\/11"}],"replies":[{"embeddable":true,"href":"https:\/\/pts.org.pl\/en\/wp-json\/wp\/v2\/comments?post=4884"}],"version-history":[{"count":1,"href":"https:\/\/pts.org.pl\/en\/wp-json\/wp\/v2\/posts\/4884\/revisions"}],"predecessor-version":[{"id":4887,"href":"https:\/\/pts.org.pl\/en\/wp-json\/wp\/v2\/posts\/4884\/revisions\/4887"}],"wp:attachment":[{"href":"https:\/\/pts.org.pl\/en\/wp-json\/wp\/v2\/media?parent=4884"}],"wp:term":[{"taxonomy":"category","embeddable":true,"href":"https:\/\/pts.org.pl\/en\/wp-json\/wp\/v2\/categories?post=4884"},{"taxonomy":"post_tag","embeddable":true,"href":"https:\/\/pts.org.pl\/en\/wp-json\/wp\/v2\/tags?post=4884"}],"curies":[{"name":"wp","href":"https:\/\/api.w.org\/{rel}","templated":true}]}}