{"id":4820,"date":"2020-11-30T12:29:56","date_gmt":"2020-11-30T12:29:56","guid":{"rendered":"https:\/\/pts.org.pl\/?p=4820"},"modified":"2020-11-30T12:29:58","modified_gmt":"2020-11-30T12:29:58","slug":"xix-seminarium-metodologiczne","status":"publish","type":"post","link":"https:\/\/pts.org.pl\/en\/xix-seminarium-metodologiczne\/","title":{"rendered":"XIX Seminarium Metodologiczne"},"content":{"rendered":"<div class=\"fcbkbttn_buttons_block\" id=\"fcbkbttn_left\"><div class=\"fcbkbttn_button\">\n                            <a href=\"https:\/\/www.facebook.com\/\" target=\"_blank\">\n                                <img src=\"https:\/\/pts.org.pl\/wp-content\/plugins\/facebook-button-plugin\/images\/standard-facebook-ico.png\" alt=\"Fb-Button\" \/>\n                            <\/a>\n                        <\/div><div class=\"fcbkbttn_like \"><fb:like href=\"https:\/\/pts.org.pl\/en\/xix-seminarium-metodologiczne\/\" action=\"like\" colorscheme=\"light\" layout=\"button_count\"  size=\"small\"><\/fb:like><\/div><\/div>\n<p>Sekcja Socjologicznych Problem\u00f3w Bezpiecze\u0144stwa Narodowego PTS wraz ze wsp\u00f3\u0142organizatorami serdecznie zaprasza na XIX Mi\u0119dzynarodowe Seminarium z cyklu \u201eMetodologia bada\u0144 system\u00f3w spo\u0142ecznych\u201d, kt\u00f3re odb\u0119dzie si\u0119 zdalnie 10 grudnia 2020 roku.<\/p>\n\n\n\n<p>Problematyka obrad: Polski system antyterrorystyczny a realia wsp\u00f3\u0142czesnych zamach\u00f3w&nbsp;<\/p>\n\n\n\n<p>Dr Karolina Wojtasik, Instytut Socjologii, Uniwersytet \u015al\u0105ski&nbsp;<\/p>\n\n\n\n<p>Dr Micha\u0142 Piekarski, Instytut Studi\u00f3w Mi\u0119dzynarodowych, Uniwersytet Wroc\u0142awski&nbsp;<\/p>\n\n\n\n<p>Wsp\u00f3\u0142czesne zagro\u017cenia terrorystyczne oraz metody ich zwalczania s\u0105 trudnym tematem bada\u0144 z uwagi na ograniczony dost\u0119p do materia\u0142\u00f3w \u017ar\u00f3d\u0142owych. Badania prowadzone przez dr Karolin\u0119 Wojtasik i dr. Micha\u0142a Piekarskiego dotycz\u0105 najbardziej aktualnych problem\u00f3w z tej dziedziny. W zakresie bada\u0144 nad zagro\u017ceniami pole badawcze ukszta\u0142towa\u0142y zamachy dokonywane w Europie i USA w ci\u0105gu ostatnich dwunastu lat, cz\u0119sto dokonywane przez sprawc\u00f3w, kt\u00f3rzy inspiracj\u0119 i instrukcje czerpali z publikowanych przez organizacje terrorystyczne poradnik\u00f3w. Analizowano nie tylko modus operandi sprawcy, jego\/ich \u015bcie\u017ck\u0119 radykalizacji i przebieg zamachu, ale tak\u017ce \u201ereakcj\u0119\u201d systemu antyterrorystycznego danego pa\u0144stwa, kt\u00f3re s\u0142u\u017cby pojawi\u0142y si\u0119 na miejscu jako pierwsze, kt\u00f3re jednostki bra\u0142y udzia\u0142 w dalszych etapach post\u0119powania, czy wprowadzono stopnie alarmowe. Polski system antyterrorystyczny badany by\u0142 przez pryzmat przepis\u00f3w i procedur wprowadzonych przez tzw. ustaw\u0119 antyterrorystyczn\u0105 z roku 2016. Wprowadzi\u0142a ona liczne zmiany w zakresie uprawnie\u0144 s\u0142u\u017cb mundurowych. Z perspektywy bada\u0144 nad grupami dyspozycyjnymi istotne jest zw\u0142aszcza wprowadzenie procedur kierowania dzia\u0142aniami kontrterrorystycznymi, utworzenie w Policji s\u0142u\u017cby kontrterrorystycznej, nowe procedury u\u017cycia si\u0142 zbrojnych w dzia\u0142aniach kontrterrorystycznych oraz zmiany w zakresie u\u017cycia broni palnej.&nbsp;<\/p>\n\n\n\n<p>Termin obrad:&nbsp;<\/p>\n\n\n\n<p>Seminarium odb\u0119dzie 10 grudnia 2020 r. (czwartek) o godz. 10:00&nbsp;<\/p>\n\n\n\n<p>Miejsce obrad:&nbsp;<\/p>\n\n\n\n<p>Seminarium odb\u0119dzie si\u0119 online w formie spotkania za po\u015brednictwem MS TEAMS. Link do spotkania zostanie przekazany uczestnikom na adres mailowy.&nbsp;<\/p>\n\n\n\n<p>Zg\u0142oszenia:&nbsp;<\/p>\n\n\n\n<p>Uczestnictwo w seminarium wymaga rejestracji i jest potwierdzone certyfikatem.&nbsp;<\/p>\n\n\n\n<p>Formularz zg\u0142oszeniowy: https:\/\/bit.ly\/32HOUH8<\/p>\n\n\n\n<p>E-mail: s.metodologiczne@gmail.com&nbsp;<\/p>\n\n\n\n<p>Termin rejestracji up\u0142ywa 08 grudnia 2020 r.<\/p>\n\n\n\n<p>Z powa\u017caniem<\/p>\n\n\n\n<p>Piotr Pie\u0144kowski<\/p>\n\n\n\n<p>Przewodnicz\u0105cy Sekcji Socjologicznych Problem\u00f3w Bezpiecze\u0144stwa Narodowego PTS<\/p>\n\n\n\n<p><\/p>\n\n\n\n<figure class=\"wp-block-image\"><img alt=\"\"\/><\/figure>\n","protected":false},"excerpt":{"rendered":"<p>Sekcja Socjologicznych Problem\u00f3w Bezpiecze\u0144stwa Narodowego PTS wraz ze wsp\u00f3\u0142organizatorami serdecznie zaprasza na XIX Mi\u0119dzynarodowe Seminarium z cyklu \u201eMetodologia bada\u0144 system\u00f3w spo\u0142ecznych\u201d, kt\u00f3re odb\u0119dzie si\u0119 zdalnie 10 grudnia 2020 roku. Problematyka obrad: Polski system antyterrorystyczny a realia wsp\u00f3\u0142czesnych zamach\u00f3w&nbsp; Dr Karolina Wojtasik, Instytut Socjologii, Uniwersytet \u015al\u0105ski&nbsp; Dr Micha\u0142 Piekarski, Instytut Studi\u00f3w Mi\u0119dzynarodowych, Uniwersytet Wroc\u0142awski&nbsp; Wsp\u00f3\u0142czesne zagro\u017cenia [&hellip;]<\/p>\n","protected":false},"author":11,"featured_media":0,"comment_status":"open","ping_status":"open","sticky":false,"template":"","format":"standard","meta":[],"categories":[],"tags":[],"_links":{"self":[{"href":"https:\/\/pts.org.pl\/en\/wp-json\/wp\/v2\/posts\/4820"}],"collection":[{"href":"https:\/\/pts.org.pl\/en\/wp-json\/wp\/v2\/posts"}],"about":[{"href":"https:\/\/pts.org.pl\/en\/wp-json\/wp\/v2\/types\/post"}],"author":[{"embeddable":true,"href":"https:\/\/pts.org.pl\/en\/wp-json\/wp\/v2\/users\/11"}],"replies":[{"embeddable":true,"href":"https:\/\/pts.org.pl\/en\/wp-json\/wp\/v2\/comments?post=4820"}],"version-history":[{"count":1,"href":"https:\/\/pts.org.pl\/en\/wp-json\/wp\/v2\/posts\/4820\/revisions"}],"predecessor-version":[{"id":4825,"href":"https:\/\/pts.org.pl\/en\/wp-json\/wp\/v2\/posts\/4820\/revisions\/4825"}],"wp:attachment":[{"href":"https:\/\/pts.org.pl\/en\/wp-json\/wp\/v2\/media?parent=4820"}],"wp:term":[{"taxonomy":"category","embeddable":true,"href":"https:\/\/pts.org.pl\/en\/wp-json\/wp\/v2\/categories?post=4820"},{"taxonomy":"post_tag","embeddable":true,"href":"https:\/\/pts.org.pl\/en\/wp-json\/wp\/v2\/tags?post=4820"}],"curies":[{"name":"wp","href":"https:\/\/api.w.org\/{rel}","templated":true}]}}