{"id":4792,"date":"2020-11-23T10:31:53","date_gmt":"2020-11-23T10:31:53","guid":{"rendered":"https:\/\/pts.org.pl\/?p=4792"},"modified":"2020-12-02T10:12:44","modified_gmt":"2020-12-02T10:12:44","slug":"zmarl-profesor-wlodzimierz-wesolowski","status":"publish","type":"post","link":"https:\/\/pts.org.pl\/en\/zmarl-profesor-wlodzimierz-wesolowski\/","title":{"rendered":"Zmar\u0142 Profesor W\u0142odzimierz Weso\u0142owski"},"content":{"rendered":"<div class=\"fcbkbttn_buttons_block\" id=\"fcbkbttn_left\"><div class=\"fcbkbttn_button\">\n                            <a href=\"https:\/\/www.facebook.com\/\" target=\"_blank\">\n                                <img src=\"https:\/\/pts.org.pl\/wp-content\/plugins\/facebook-button-plugin\/images\/standard-facebook-ico.png\" alt=\"Fb-Button\" \/>\n                            <\/a>\n                        <\/div><div class=\"fcbkbttn_like \"><fb:like href=\"https:\/\/pts.org.pl\/en\/zmarl-profesor-wlodzimierz-wesolowski\/\" action=\"like\" colorscheme=\"light\" layout=\"button_count\"  size=\"small\"><\/fb:like><\/div><\/div>\n<p class=\"has-text-align-center\">W\u0142odzimierz Weso\u0142owski<\/p>\n\n\n\n<p class=\"has-text-align-center\">(1929 \u2013 2020)<\/p>\n\n\n\n<p class=\"has-text-align-center\">21 listopada 2020 roku zmar\u0142 w Warszawie W\u0142odzimierz Weso\u0142owski<\/p>\n\n\n\n<p class=\"has-text-align-center\">Wieloletni cz\u0142onek Polskiego Towarzystwa Socjologicznego i jego Przewodnicz\u0105cy w latach 2002-2005<\/p>\n\n\n\n<p>Emerytowany profesor Instytutu Filozofii i Socjologii PAN, profesor Uniwersytetu \u0141\u00f3dzkiego i Uniwersytetu Warszawskiego. Cz\u0142onek najwa\u017cniejszych profesjonalnych instytucji i stowarzysze\u0144 nauk spo\u0142ecznych w Polsce i za granic\u0105. Doktor honoris causa Uniwersytetu Helsi\u0144skiego, cz\u0142onek Akademii Europejskiej i Honorowy cz\u0142onek Zagraniczny Ameryka\u0144skiej Akademii Sztuki i Nauki. Wyk\u0142adowca uczelni polskich i zagranicznych, w tym w krajach skandynawskich, Wielkiej Brytanii i USA. W\u00a0 latach 60. zainicjowa\u0142 w Polsce empiryczne badania nad struktur\u0105 spo\u0142eczno-zawodow\u0105.\u00a0\u00a0 W latach 70. kierowa\u0142 Zespo\u0142em Bada\u0144 nad Struktur\u0105 Spo\u0142eczn\u0105 w IFiS PAN i koordynowa\u0142 wiele projekt\u00f3w badawczych.\u00a0 Podejmuj\u0105c kwesti\u0119 teoretycznych problem\u00f3w badania elit politycznych w latach 90. zaj\u0105\u0142 si\u0119 socjologi\u0105 polityki. Autor i redaktor\u00a0 szeregu ksi\u0105\u017cek na temat fundamentalnych problem\u00f3w struktury spo\u0142ecznej, wydawanych r\u00f3wnie\u017c za granic\u0105 przez presti\u017cowe wydawnictwa.\u00a0 Szereg jego artyku\u0142\u00f3w dotycz\u0105cych zagadnie\u0144 klas i warstw spo\u0142ecznych oraz ruchliwo\u015bci zosta\u0142o opublikowanych w wiod\u0105cych czasopismnach socjologicznych i nast\u0119pnie zamieszczonych w ameryka\u0144skich \u201ereaderach\u201d po\u015bwi\u0119conych nier\u00f3wno\u015bciom spo\u0142ecznym. Promotor wielu prac doktorskich i \u017cyczliwy mentor badaczy \u2013 r\u00f3wnie\u017c tych najm\u0142odszych &#8211; kontynuuj\u0105cych jego idee w zakresie teorii i bada\u0144 empirycznych struktury spo\u0142ecznej.<\/p>\n\n\n\n<p class=\"has-text-align-right\">(KMS,KJ)<\/p>\n","protected":false},"excerpt":{"rendered":"<p>W\u0142odzimierz Weso\u0142owski (1929 \u2013 2020) 21 listopada 2020 roku zmar\u0142 w Warszawie W\u0142odzimierz Weso\u0142owski Wieloletni cz\u0142onek Polskiego Towarzystwa Socjologicznego i jego Przewodnicz\u0105cy w latach 2002-2005 Emerytowany profesor Instytutu Filozofii i Socjologii PAN, profesor Uniwersytetu \u0141\u00f3dzkiego i Uniwersytetu Warszawskiego. Cz\u0142onek najwa\u017cniejszych profesjonalnych instytucji i stowarzysze\u0144 nauk spo\u0142ecznych w Polsce i za granic\u0105. Doktor honoris causa Uniwersytetu [&hellip;]<\/p>\n","protected":false},"author":11,"featured_media":0,"comment_status":"open","ping_status":"open","sticky":false,"template":"","format":"standard","meta":[],"categories":[],"tags":[],"_links":{"self":[{"href":"https:\/\/pts.org.pl\/en\/wp-json\/wp\/v2\/posts\/4792"}],"collection":[{"href":"https:\/\/pts.org.pl\/en\/wp-json\/wp\/v2\/posts"}],"about":[{"href":"https:\/\/pts.org.pl\/en\/wp-json\/wp\/v2\/types\/post"}],"author":[{"embeddable":true,"href":"https:\/\/pts.org.pl\/en\/wp-json\/wp\/v2\/users\/11"}],"replies":[{"embeddable":true,"href":"https:\/\/pts.org.pl\/en\/wp-json\/wp\/v2\/comments?post=4792"}],"version-history":[{"count":2,"href":"https:\/\/pts.org.pl\/en\/wp-json\/wp\/v2\/posts\/4792\/revisions"}],"predecessor-version":[{"id":4843,"href":"https:\/\/pts.org.pl\/en\/wp-json\/wp\/v2\/posts\/4792\/revisions\/4843"}],"wp:attachment":[{"href":"https:\/\/pts.org.pl\/en\/wp-json\/wp\/v2\/media?parent=4792"}],"wp:term":[{"taxonomy":"category","embeddable":true,"href":"https:\/\/pts.org.pl\/en\/wp-json\/wp\/v2\/categories?post=4792"},{"taxonomy":"post_tag","embeddable":true,"href":"https:\/\/pts.org.pl\/en\/wp-json\/wp\/v2\/tags?post=4792"}],"curies":[{"name":"wp","href":"https:\/\/api.w.org\/{rel}","templated":true}]}}