{"id":4775,"date":"2020-11-18T08:34:51","date_gmt":"2020-11-18T08:34:51","guid":{"rendered":"https:\/\/pts.org.pl\/?p=4775"},"modified":"2020-11-21T15:43:44","modified_gmt":"2020-11-21T15:43:44","slug":"debata-o-idei-obywatelskosci-w-procesie-cywilizowania","status":"publish","type":"post","link":"https:\/\/pts.org.pl\/en\/debata-o-idei-obywatelskosci-w-procesie-cywilizowania\/","title":{"rendered":"Debata o idei obywatelsko\u015bci w procesie cywilizowania"},"content":{"rendered":"<div class=\"fcbkbttn_buttons_block\" id=\"fcbkbttn_left\"><div class=\"fcbkbttn_button\">\n                            <a href=\"https:\/\/www.facebook.com\/\" target=\"_blank\">\n                                <img src=\"https:\/\/pts.org.pl\/wp-content\/plugins\/facebook-button-plugin\/images\/standard-facebook-ico.png\" alt=\"Fb-Button\" \/>\n                            <\/a>\n                        <\/div><div class=\"fcbkbttn_like \"><fb:like href=\"https:\/\/pts.org.pl\/en\/debata-o-idei-obywatelskosci-w-procesie-cywilizowania\/\" action=\"like\" colorscheme=\"light\" layout=\"button_count\"  size=\"small\"><\/fb:like><\/div><\/div>\n<p>Ksi\u0105\u017cka Arkadiusza Peiserta (1978-2019) &#8220;Spo\u0142ecze\u0144stwo obywateli? Obywatelsko\u015b\u0107 w procesie cywilizowania&#8221; przedstawia niezwykle ciekaw\u0105 i udokumentowan\u0105 dyskusje wok\u00f3\u0142 obywatelsko\u015bci jako cz\u0119\u015bci obszernego procesu cywilizowania jednostki oraz spo\u0142ecze\u0144stwa.<br><\/p>\n\n\n\n<p>Proponujemy, aby po\u0142\u0105czy\u0107 te rozwa\u017cania z aktualnymi dyskusjami dotycz\u0105cych wymiaru normatywnego dzisiejszych protest\u00f3w oraz ruch\u00f3w spo\u0142ecznych \u2013 jak te wobec polityki aborcyjnej pa\u0144stwa maj\u0105ce miejsce obecnie w Polsce. Jaka jest funkcja cywilizuj\u0105ca relacji epistemologicznych oraz normatywnych? Jakie s\u0105 konsekwencje faktu, \u017ce te relacje s\u0105 sprzeczne i budz\u0105 dylematy oraz nak\u0142adaj\u0105 si\u0119 z innymi tematami i problemami? Jakie inne relacje mog\u0105 by\u0107 w\u0142\u0105czone do wyja\u015bniania obecnej sytuacji z perspektywy procesu cywilizowania: relacje p\u0142ci, religijne, technologiczne?<\/p>\n\n\n\n<p>Termin:&nbsp;26 listopada 2020 (czwartek), 10:00-11:30<br>Moderator: dr hab. Adriana Mica (Uniwersytet Warszawski).<\/p>\n\n\n\n<p>Dyskutanci: dr hab. Marta Bucholc (Uniwersytet Warszawski), dr hab. Micha\u0142 Kaczmarczyk, prof. UG (Uniwersytet Gda\u0144ski), oraz prof. &nbsp;dr hab. Aleksander Manterys (Uniwersytet Warszawski).<\/p>\n\n\n\n<p>Link do spotkania na Zoomie:&nbsp;<a rel=\"noreferrer noopener\" href=\"https:\/\/us02web.zoom.us\/j\/81598525796?pwd=MnAwaFRZWUdvamdCRGZNQ1Y4eHlVUT09\" target=\"_blank\">https:\/\/us02web.zoom.us\/j\/81598525796?pwd=MnAwaFRZWUdvamdCRGZNQ1Y4eHlVUT09<\/a><br><\/p>\n\n\n\n<p>Wi\u0119cej informacji dost\u0119pnych jest na stronie organizatora Pracownii Bada\u0144 nad Dzia\u0142aniem i Konsekwencjami UW:&nbsp;<a rel=\"noreferrer noopener\" href=\"http:\/\/unintended.uw.edu.pl\/new-book-meets-critics\/1249-2\/\" target=\"_blank\">http:\/\/unintended.uw.edu.pl\/new-book-meets-critics\/1249-2\/<\/a><br><\/p>\n\n\n\n<p>Organizatorzy: Instytut Socjologii UG, Pracownia Bada\u0144 nad Dzia\u0142aniem i Konsekwencjami UW\u00a0\u00a0<\/p>\n\n\n\n<p>Debata obj\u0119ta jest patronatem Polskiego Towarzystwa Socjologicznego<\/p>\n\n\n\n<p><\/p>\n","protected":false},"excerpt":{"rendered":"<p>Ksi\u0105\u017cka Arkadiusza Peiserta (1978-2019) &#8220;Spo\u0142ecze\u0144stwo obywateli? Obywatelsko\u015b\u0107 w procesie cywilizowania&#8221; przedstawia niezwykle ciekaw\u0105 i udokumentowan\u0105 dyskusje wok\u00f3\u0142 obywatelsko\u015bci jako cz\u0119\u015bci obszernego procesu cywilizowania jednostki oraz spo\u0142ecze\u0144stwa. Proponujemy, aby po\u0142\u0105czy\u0107 te rozwa\u017cania z aktualnymi dyskusjami dotycz\u0105cych wymiaru normatywnego dzisiejszych protest\u00f3w oraz ruch\u00f3w spo\u0142ecznych \u2013 jak te wobec polityki aborcyjnej pa\u0144stwa maj\u0105ce miejsce obecnie w Polsce. Jaka [&hellip;]<\/p>\n","protected":false},"author":11,"featured_media":0,"comment_status":"open","ping_status":"open","sticky":false,"template":"","format":"standard","meta":[],"categories":[],"tags":[],"_links":{"self":[{"href":"https:\/\/pts.org.pl\/en\/wp-json\/wp\/v2\/posts\/4775"}],"collection":[{"href":"https:\/\/pts.org.pl\/en\/wp-json\/wp\/v2\/posts"}],"about":[{"href":"https:\/\/pts.org.pl\/en\/wp-json\/wp\/v2\/types\/post"}],"author":[{"embeddable":true,"href":"https:\/\/pts.org.pl\/en\/wp-json\/wp\/v2\/users\/11"}],"replies":[{"embeddable":true,"href":"https:\/\/pts.org.pl\/en\/wp-json\/wp\/v2\/comments?post=4775"}],"version-history":[{"count":2,"href":"https:\/\/pts.org.pl\/en\/wp-json\/wp\/v2\/posts\/4775\/revisions"}],"predecessor-version":[{"id":4784,"href":"https:\/\/pts.org.pl\/en\/wp-json\/wp\/v2\/posts\/4775\/revisions\/4784"}],"wp:attachment":[{"href":"https:\/\/pts.org.pl\/en\/wp-json\/wp\/v2\/media?parent=4775"}],"wp:term":[{"taxonomy":"category","embeddable":true,"href":"https:\/\/pts.org.pl\/en\/wp-json\/wp\/v2\/categories?post=4775"},{"taxonomy":"post_tag","embeddable":true,"href":"https:\/\/pts.org.pl\/en\/wp-json\/wp\/v2\/tags?post=4775"}],"curies":[{"name":"wp","href":"https:\/\/api.w.org\/{rel}","templated":true}]}}