{"id":4768,"date":"2020-11-15T10:03:39","date_gmt":"2020-11-15T10:03:39","guid":{"rendered":"https:\/\/pts.org.pl\/?p=4768"},"modified":"2020-11-15T10:13:13","modified_gmt":"2020-11-15T10:13:13","slug":"spotkania-mistrzowskie-instytutu-socjologii-uj-wyklad-profesora-jana-kubika-pt-zmitologizowana-wyobraznia-populistyczna-i-karnawalowy-bunt","status":"publish","type":"post","link":"https:\/\/pts.org.pl\/en\/spotkania-mistrzowskie-instytutu-socjologii-uj-wyklad-profesora-jana-kubika-pt-zmitologizowana-wyobraznia-populistyczna-i-karnawalowy-bunt\/","title":{"rendered":"Spotkania Mistrzowskie Instytutu Socjologii UJ: wyk\u0142ad Profesora Jana Kubika pt. Zmitologizowana wyobra\u017ania populistyczna i karnawa\u0142owy bunt"},"content":{"rendered":"<div class=\"fcbkbttn_buttons_block\" id=\"fcbkbttn_left\"><div class=\"fcbkbttn_button\">\n                            <a href=\"https:\/\/www.facebook.com\/\" target=\"_blank\">\n                                <img src=\"https:\/\/pts.org.pl\/wp-content\/plugins\/facebook-button-plugin\/images\/standard-facebook-ico.png\" alt=\"Fb-Button\" \/>\n                            <\/a>\n                        <\/div><div class=\"fcbkbttn_like \"><fb:like href=\"https:\/\/pts.org.pl\/en\/spotkania-mistrzowskie-instytutu-socjologii-uj-wyklad-profesora-jana-kubika-pt-zmitologizowana-wyobraznia-populistyczna-i-karnawalowy-bunt\/\" action=\"like\" colorscheme=\"light\" layout=\"button_count\"  size=\"small\"><\/fb:like><\/div><\/div>\n<p>Serdecznie zapraszamy Pa\u0144stwa na&nbsp;<strong>wyk\u0142ad Profesora Jana Kubika pt.&nbsp;<em>Zmitologizowana wyobra\u017ania populistyczna i karnawa\u0142owy bunt<\/em><\/strong>, kt\u00f3ry odb\u0119dzie si\u0119 w ramach cyklu&nbsp;<em>Spotkania Mistrzowskie Instytutu Socjologii UJ&nbsp;<\/em>\u2013 serii spotka\u0144 on-line z wybitnymi przedstawicielkami i przedstawicielami \u017cycia naukowego w Polsce i na \u015bwiecie.&nbsp;<\/p>\n\n\n\n<p>Kilka s\u0142\u00f3w o wyk\u0142adzie:&nbsp;<\/p>\n\n\n\n<p><em>Populizm to ideologia niekompletna, zbudowana (niemal wy\u0142\u0105cznie) na przeciwstawieniu \u201edobrego ludu\u201d \u2013 \u201eskorumpowanym elitom\u201d. Ka\u017cda taka ideologia oportunistycznie \u017ceruje wi\u0119c nie tylko na innych \u2013 prawicowych lub lewicowych \u2013 ideologiach, ale tak\u017ce dost\u0119pnych zasobach kulturowych. Aby tre\u015bciowo uzupe\u0142ni\u0107 ten dychotomiczny ideologiczny szkielet, populi\u015bci musz\u0105 zdefiniowa\u0107, kim jest lud, za kt\u00f3rego emanacj\u0119 si\u0119 uznaj\u0105 i wskaza\u0107, kim s\u0105 jego wrogowie. Prawicowi populi\u015bci nieodmiennie si\u0119gaj\u0105 w\u00f3wczas do repertuaru narodowego lub religijnego, cz\u0119sto odrzucaj\u0105c kosmopolityzm i post-o\u015bwieceniowe d\u0105\u017cenie do wiedzy opartej na rozumie i empirii. Buduj\u0105c mitologiczne konstrukcje, staraj\u0105 si\u0119 zaw\u0142adn\u0105\u0107 wyobra\u017ani\u0105 ludzi zagubionych w coraz bardziej skomplikowanej, szybko zmieniaj\u0105cej si\u0119 i przez to cz\u0119sto budz\u0105cej l\u0119k rzeczywisto\u015bci. Jednym z wa\u017cnych spo\u0142eczno-kulturowych skutk\u00f3w populistycznej retoryki jest wzrost polaryzacji \u2013 zjawiska szkodliwego dla relacji spo\u0142ecznych, podkopuj\u0105cego zaufanie do instytucji i utrudniaj\u0105cego komunikacj\u0119 ponad podzia\u0142ami. Walka z prawicowym populizmem to walka z zamkni\u0119ciem wyobra\u017ani w \u015bwiecie ubezw\u0142asnowolniaj\u0105cych mit\u00f3w, walka w obronie otwarto\u015bci i rozumu. Czasami przybiera ona posta\u0107 karnawa\u0142owego festiwalu wulgaryzmu, w kt\u00f3rym Michai\u0142 Bachtin upatrywa\u0142 zaczyn transformacji kultury. Subwersywny humor pomaga wyzwoli\u0107 wyobra\u017ani\u0119 od zauroczenia mitem, kt\u00f3re odwodzi ludzi od wolno\u015bci, jak zauwa\u017cy\u0142 Leszek Ko\u0142akowski.&nbsp;<\/em><\/p>\n\n\n\n<p class=\"has-text-align-right\">Profesor Jan Kubik&nbsp;<\/p>\n\n\n\n<p>Wyk\u0142ad odb\u0119dzie si\u0119&nbsp;<strong>19 listopada 2020 r.&nbsp;<\/strong>(czwartek)&nbsp;<strong>o godz. 18:00&nbsp;<\/strong>na platformie MsTeams:<br>&#8211; kod zespo\u0142u: o9d4f47<br>&#8211; link do spotkania:&nbsp;<a href=\"https:\/\/teams.microsoft.com\/l\/meetup-join\/19%3a8eff418f522f4528968bdb089a12357e%40thread.tacv2\/1605106953936?context=%7B%22Tid%22%3A%22eb0e26eb-bfbe-47d2-9e90-ebd2426dbceb%22%2C%22Oid%22%3A%2270064893-d07f-40d7-b83b-9fe3b0107d73%22%7D&amp;fbclid=IwAR3NpDXCRB7ZXlN_FFlQBh9gn-lAbgGqKPsUFSDcIibMKOtX6t0lk-Kyjds\" target=\"_blank\" rel=\"noreferrer noopener\">https:\/\/teams.microsoft.com\/l\/meetup-join\/19%3a8eff418f522f4528968bdb089a12357e%40thread.tacv2\/1605106953936?context=%7b%22Tid%22%3a%22eb0e26eb-bfbe-47d2-9e90-ebd2426dbceb%22%2c%22Oid%22%3a%2270064893-d07f-40d7-b83b-9fe3b0107d73%22%7d<\/a>&nbsp;&nbsp;<\/p>\n\n\n\n<p><strong>Jan Kubik<\/strong>&nbsp;is Professor in the Department of Political Science at Rutgers University and Professor of Slavonic and East European Studies at University College London (UCL). He works on the rise of right-wing populism; culture and politics; civil society, protest politics and social movements; and communist and post-communist politics. Among his publications are: The Power of Symbols against the Symbols of Power; Anthropology and Political Science, with Myron Aronoff, and Twenty Years After Communism: The Politics of Memory and Commemoration, with Michael Bernhard. He is the 2020 President of the Association for Slavic, East European and Eurasian Studies (ASEEES) and the recipient of the 2018 Distinguished Achievement Award from the Polish Institute of Arts and Sciences in America (PIASA). He is currently co-directing (with Richard Mole) two large international projects, Delayed Transformational Fatigue in Central and Eastern Europe: Responding to the Rise of Populism, and Populist rebellion against modernity in 21st-century Eastern Europe (<a href=\"https:\/\/populism-europe.com\/poprebel\/\">https:\/\/populism-europe.com\/poprebel\/<\/a>). He received M.A. from the Jagiellonian University in Krak\u00f3w and Ph.D. (anthropology, with distinction) from Columbia University.&nbsp;<\/p>\n\n\n\n<p>Recent work (selected):&nbsp;<\/p>\n\n\n\n<ol type=\"1\"><li>Kotwas, M. and J. Kubik. 2019. Symbolic Thickening&nbsp;of Public Culture and the Rise of Right-Wing&nbsp;Populism in Poland, East European Politics and Societies, 33 (2), May, 435-71.&nbsp;&nbsp;<\/li><li>Kubik, J. 2019. Cultural Approaches [in:] Merkel, W., Kollmorgen, R. and H-J Wagener, eds.&nbsp;Handbook of Political, Social, and Economic Transformation. Oxford University Press, 84-94.&nbsp;&nbsp;<\/li><li>Kubik, J. Przeciwko tezie imitacji: krytyczne odczytanie ksi\u0105\u017cki Iwana Krastewa i Stephena Holmesa &#8220;\u015awiat\u0142o, kt\u00f3re zgas\u0142o&#8221;. Almanach Concilium Civitas 2020\/21.&nbsp;&nbsp;<\/li><\/ol>\n\n\n\n<p><strong>Organizator:<\/strong><br>Instytut Socjologii Uniwersytetu Jagiello\u0144skiego w Krakowie&nbsp;<\/p>\n\n\n\n<p><strong>Wsp\u00f3\u0142organizatorzy:<\/strong><br>Interdyscyplinarne Centrum Analiz Spo\u0142eczno-Prawnych UJ<br>Sekcja Socjologii Prawa Polskiego Towarzystwa Socjologicznego&nbsp;<\/p>\n\n\n\n<figure class=\"wp-block-image size-large\"><img loading=\"lazy\" width=\"724\" height=\"1024\" src=\"https:\/\/pts.org.pl\/wp-content\/uploads\/2020\/11\/Zmitologizowana-wyobraznia-populistyczna-i-karnawalowy-bunt-724x1024.png\" alt=\"\" class=\"wp-image-4769\" srcset=\"https:\/\/pts.org.pl\/wp-content\/uploads\/2020\/11\/Zmitologizowana-wyobraznia-populistyczna-i-karnawalowy-bunt-724x1024.png 724w, https:\/\/pts.org.pl\/wp-content\/uploads\/2020\/11\/Zmitologizowana-wyobraznia-populistyczna-i-karnawalowy-bunt-212x300.png 212w, https:\/\/pts.org.pl\/wp-content\/uploads\/2020\/11\/Zmitologizowana-wyobraznia-populistyczna-i-karnawalowy-bunt-768x1086.png 768w, https:\/\/pts.org.pl\/wp-content\/uploads\/2020\/11\/Zmitologizowana-wyobraznia-populistyczna-i-karnawalowy-bunt-1086x1536.png 1086w, https:\/\/pts.org.pl\/wp-content\/uploads\/2020\/11\/Zmitologizowana-wyobraznia-populistyczna-i-karnawalowy-bunt-1448x2048.png 1448w, https:\/\/pts.org.pl\/wp-content\/uploads\/2020\/11\/Zmitologizowana-wyobraznia-populistyczna-i-karnawalowy-bunt.png 1587w\" sizes=\"(max-width: 724px) 100vw, 724px\" \/><\/figure>\n\n\n\n<p><\/p>\n","protected":false},"excerpt":{"rendered":"<p>Serdecznie zapraszamy Pa\u0144stwa na&nbsp;wyk\u0142ad Profesora Jana Kubika pt.&nbsp;Zmitologizowana wyobra\u017ania populistyczna i karnawa\u0142owy bunt, kt\u00f3ry odb\u0119dzie si\u0119 w ramach cyklu&nbsp;Spotkania Mistrzowskie Instytutu Socjologii UJ&nbsp;\u2013 serii spotka\u0144 on-line z wybitnymi przedstawicielkami i przedstawicielami \u017cycia naukowego w Polsce i na \u015bwiecie.&nbsp; Kilka s\u0142\u00f3w o wyk\u0142adzie:&nbsp; Populizm to ideologia niekompletna, zbudowana (niemal wy\u0142\u0105cznie) na przeciwstawieniu \u201edobrego ludu\u201d \u2013 \u201eskorumpowanym [&hellip;]<\/p>\n","protected":false},"author":11,"featured_media":0,"comment_status":"open","ping_status":"open","sticky":false,"template":"","format":"standard","meta":[],"categories":[],"tags":[],"_links":{"self":[{"href":"https:\/\/pts.org.pl\/en\/wp-json\/wp\/v2\/posts\/4768"}],"collection":[{"href":"https:\/\/pts.org.pl\/en\/wp-json\/wp\/v2\/posts"}],"about":[{"href":"https:\/\/pts.org.pl\/en\/wp-json\/wp\/v2\/types\/post"}],"author":[{"embeddable":true,"href":"https:\/\/pts.org.pl\/en\/wp-json\/wp\/v2\/users\/11"}],"replies":[{"embeddable":true,"href":"https:\/\/pts.org.pl\/en\/wp-json\/wp\/v2\/comments?post=4768"}],"version-history":[{"count":2,"href":"https:\/\/pts.org.pl\/en\/wp-json\/wp\/v2\/posts\/4768\/revisions"}],"predecessor-version":[{"id":4774,"href":"https:\/\/pts.org.pl\/en\/wp-json\/wp\/v2\/posts\/4768\/revisions\/4774"}],"wp:attachment":[{"href":"https:\/\/pts.org.pl\/en\/wp-json\/wp\/v2\/media?parent=4768"}],"wp:term":[{"taxonomy":"category","embeddable":true,"href":"https:\/\/pts.org.pl\/en\/wp-json\/wp\/v2\/categories?post=4768"},{"taxonomy":"post_tag","embeddable":true,"href":"https:\/\/pts.org.pl\/en\/wp-json\/wp\/v2\/tags?post=4768"}],"curies":[{"name":"wp","href":"https:\/\/api.w.org\/{rel}","templated":true}]}}