{"id":4727,"date":"2020-10-26T11:33:17","date_gmt":"2020-10-26T11:33:17","guid":{"rendered":"https:\/\/pts.org.pl\/?p=4727"},"modified":"2020-10-26T11:53:05","modified_gmt":"2020-10-26T11:53:05","slug":"zmarla-profesor-hanna-palska","status":"publish","type":"post","link":"https:\/\/pts.org.pl\/en\/zmarla-profesor-hanna-palska\/","title":{"rendered":"Zmar\u0142a Profesor Hanna Palska"},"content":{"rendered":"<div class=\"fcbkbttn_buttons_block\" id=\"fcbkbttn_left\"><div class=\"fcbkbttn_button\">\n                            <a href=\"https:\/\/www.facebook.com\/\" target=\"_blank\">\n                                <img src=\"https:\/\/pts.org.pl\/wp-content\/plugins\/facebook-button-plugin\/images\/standard-facebook-ico.png\" alt=\"Fb-Button\" \/>\n                            <\/a>\n                        <\/div><div class=\"fcbkbttn_like \"><fb:like href=\"https:\/\/pts.org.pl\/en\/zmarla-profesor-hanna-palska\/\" action=\"like\" colorscheme=\"light\" layout=\"button_count\"  size=\"small\"><\/fb:like><\/div><\/div>\n<p>24 pa\u017adziernika 2020 r. zmar\u0142a Hanna Palska socjolog kultury, badaj\u0105ca style \u017cycia z uwzgl\u0119dnieniem zjawisk wywo\u0142uj\u0105cych emocje, jak bieda czy postawy inteligencji. Nale\u017ca\u0142a do Polskiego Towarzystwa Socjologicznego i cieszy\u0142a si\u0119 w naszym \u015brodowisku sympati\u0105, kt\u00f3rej wyrazem jest wspomnienie opublikowane przez Andrzeja Rycharda\u00a0<a rel=\"noreferrer noopener\" href=\"http:\/\/www.ifispan.pl\/zmarla-hania-palska-andrzej-rychard\/\" target=\"_blank\">http:\/\/www.ifispan.pl\/zmarla-hania-palska-andrzej-rychard\/<\/a><\/p>\n","protected":false},"excerpt":{"rendered":"<p>24 pa\u017adziernika 2020 r. zmar\u0142a Hanna Palska socjolog kultury, badaj\u0105ca style \u017cycia z uwzgl\u0119dnieniem zjawisk wywo\u0142uj\u0105cych emocje, jak bieda czy postawy inteligencji. Nale\u017ca\u0142a do Polskiego Towarzystwa Socjologicznego i cieszy\u0142a si\u0119 w naszym \u015brodowisku sympati\u0105, kt\u00f3rej wyrazem jest wspomnienie opublikowane przez Andrzeja Rycharda\u00a0http:\/\/www.ifispan.pl\/zmarla-hania-palska-andrzej-rychard\/<\/p>\n","protected":false},"author":11,"featured_media":0,"comment_status":"open","ping_status":"open","sticky":false,"template":"","format":"standard","meta":[],"categories":[],"tags":[],"_links":{"self":[{"href":"https:\/\/pts.org.pl\/en\/wp-json\/wp\/v2\/posts\/4727"}],"collection":[{"href":"https:\/\/pts.org.pl\/en\/wp-json\/wp\/v2\/posts"}],"about":[{"href":"https:\/\/pts.org.pl\/en\/wp-json\/wp\/v2\/types\/post"}],"author":[{"embeddable":true,"href":"https:\/\/pts.org.pl\/en\/wp-json\/wp\/v2\/users\/11"}],"replies":[{"embeddable":true,"href":"https:\/\/pts.org.pl\/en\/wp-json\/wp\/v2\/comments?post=4727"}],"version-history":[{"count":3,"href":"https:\/\/pts.org.pl\/en\/wp-json\/wp\/v2\/posts\/4727\/revisions"}],"predecessor-version":[{"id":4730,"href":"https:\/\/pts.org.pl\/en\/wp-json\/wp\/v2\/posts\/4727\/revisions\/4730"}],"wp:attachment":[{"href":"https:\/\/pts.org.pl\/en\/wp-json\/wp\/v2\/media?parent=4727"}],"wp:term":[{"taxonomy":"category","embeddable":true,"href":"https:\/\/pts.org.pl\/en\/wp-json\/wp\/v2\/categories?post=4727"},{"taxonomy":"post_tag","embeddable":true,"href":"https:\/\/pts.org.pl\/en\/wp-json\/wp\/v2\/tags?post=4727"}],"curies":[{"name":"wp","href":"https:\/\/api.w.org\/{rel}","templated":true}]}}