{"id":3518,"date":"2018-04-11T08:30:04","date_gmt":"2018-04-11T08:30:04","guid":{"rendered":"http:\/\/pts.org.pl\/?p=3518"},"modified":"2018-04-11T08:44:04","modified_gmt":"2018-04-11T08:44:04","slug":"stanowisko-zarzadu-glownego-pts-wobec-mowy-nienawisci-i-wypowiedzi-antysemickich-oraz-wolnosci-badan-naukowych-z-dnia-10-kwietnia-2018-r","status":"publish","type":"post","link":"https:\/\/pts.org.pl\/en\/stanowisko-zarzadu-glownego-pts-wobec-mowy-nienawisci-i-wypowiedzi-antysemickich-oraz-wolnosci-badan-naukowych-z-dnia-10-kwietnia-2018-r\/","title":{"rendered":"(Polski) Stanowisko Zarz\u0105du G\u0142\u00f3wnego PTS wobec mowy nienawi\u015bci i wypowiedzi antysemickich oraz wolno\u015bci bada\u0144 naukowych z dnia 10 kwietnia 2018 r."},"content":{"rendered":"<p class=\"qtranxs-available-languages-message qtranxs-available-languages-message-en\">Sorry, this entry is only available in <a href=\"https:\/\/pts.org.pl\/pl\/wp-json\/wp\/v2\/posts\/3518\" class=\"qtranxs-available-language-link qtranxs-available-language-link-pl\" title=\"Polski\">Polish<\/a>.<\/p>","protected":false},"excerpt":{"rendered":"<p>Sorry, this entry is only available in Polish.<\/p>\n","protected":false},"author":11,"featured_media":0,"comment_status":"open","ping_status":"open","sticky":false,"template":"","format":"standard","meta":[],"categories":[],"tags":[],"_links":{"self":[{"href":"https:\/\/pts.org.pl\/en\/wp-json\/wp\/v2\/posts\/3518"}],"collection":[{"href":"https:\/\/pts.org.pl\/en\/wp-json\/wp\/v2\/posts"}],"about":[{"href":"https:\/\/pts.org.pl\/en\/wp-json\/wp\/v2\/types\/post"}],"author":[{"embeddable":true,"href":"https:\/\/pts.org.pl\/en\/wp-json\/wp\/v2\/users\/11"}],"replies":[{"embeddable":true,"href":"https:\/\/pts.org.pl\/en\/wp-json\/wp\/v2\/comments?post=3518"}],"version-history":[{"count":2,"href":"https:\/\/pts.org.pl\/en\/wp-json\/wp\/v2\/posts\/3518\/revisions"}],"predecessor-version":[{"id":3524,"href":"https:\/\/pts.org.pl\/en\/wp-json\/wp\/v2\/posts\/3518\/revisions\/3524"}],"wp:attachment":[{"href":"https:\/\/pts.org.pl\/en\/wp-json\/wp\/v2\/media?parent=3518"}],"wp:term":[{"taxonomy":"category","embeddable":true,"href":"https:\/\/pts.org.pl\/en\/wp-json\/wp\/v2\/categories?post=3518"},{"taxonomy":"post_tag","embeddable":true,"href":"https:\/\/pts.org.pl\/en\/wp-json\/wp\/v2\/tags?post=3518"}],"curies":[{"name":"wp","href":"https:\/\/api.w.org\/{rel}","templated":true}]}}