{"id":2756,"date":"2017-06-30T21:15:34","date_gmt":"2017-06-30T21:15:34","guid":{"rendered":"http:\/\/pts.org.pl\/?p=2756"},"modified":"2017-06-30T21:15:34","modified_gmt":"2017-06-30T21:15:34","slug":"zaproszenie-na-konferencje-region-miasto-wies-wyzwania-i-perspektywy-rozwoju-19-20-10-2017-lodz","status":"publish","type":"post","link":"https:\/\/pts.org.pl\/en\/zaproszenie-na-konferencje-region-miasto-wies-wyzwania-i-perspektywy-rozwoju-19-20-10-2017-lodz\/","title":{"rendered":"(Polski) Zaproszenie na konferencj\u0119: \u201eRegion, miasto, wie\u015b. Wyzwania i perspektywy rozwoju\u201d, 19-20.10.2017, \u0141\u00f3d\u017a"},"content":{"rendered":"<p class=\"qtranxs-available-languages-message qtranxs-available-languages-message-en\">Sorry, this entry is only available in <a href=\"https:\/\/pts.org.pl\/pl\/wp-json\/wp\/v2\/posts\/2756\" class=\"qtranxs-available-language-link qtranxs-available-language-link-pl\" title=\"Polski\">Polish<\/a>.<\/p>","protected":false},"excerpt":{"rendered":"<p>Sorry, this entry is only available in Polish.<\/p>\n","protected":false},"author":11,"featured_media":0,"comment_status":"open","ping_status":"open","sticky":false,"template":"","format":"standard","meta":[],"categories":[],"tags":[],"_links":{"self":[{"href":"https:\/\/pts.org.pl\/en\/wp-json\/wp\/v2\/posts\/2756"}],"collection":[{"href":"https:\/\/pts.org.pl\/en\/wp-json\/wp\/v2\/posts"}],"about":[{"href":"https:\/\/pts.org.pl\/en\/wp-json\/wp\/v2\/types\/post"}],"author":[{"embeddable":true,"href":"https:\/\/pts.org.pl\/en\/wp-json\/wp\/v2\/users\/11"}],"replies":[{"embeddable":true,"href":"https:\/\/pts.org.pl\/en\/wp-json\/wp\/v2\/comments?post=2756"}],"version-history":[{"count":2,"href":"https:\/\/pts.org.pl\/en\/wp-json\/wp\/v2\/posts\/2756\/revisions"}],"predecessor-version":[{"id":2760,"href":"https:\/\/pts.org.pl\/en\/wp-json\/wp\/v2\/posts\/2756\/revisions\/2760"}],"wp:attachment":[{"href":"https:\/\/pts.org.pl\/en\/wp-json\/wp\/v2\/media?parent=2756"}],"wp:term":[{"taxonomy":"category","embeddable":true,"href":"https:\/\/pts.org.pl\/en\/wp-json\/wp\/v2\/categories?post=2756"},{"taxonomy":"post_tag","embeddable":true,"href":"https:\/\/pts.org.pl\/en\/wp-json\/wp\/v2\/tags?post=2756"}],"curies":[{"name":"wp","href":"https:\/\/api.w.org\/{rel}","templated":true}]}}