{"id":2332,"date":"2017-04-04T20:43:01","date_gmt":"2017-04-04T20:43:01","guid":{"rendered":"http:\/\/pts.org.pl\/?p=2332"},"modified":"2017-04-05T20:45:39","modified_gmt":"2017-04-05T20:45:39","slug":"konferencja-wspolpraca-samorzadu-terytorialnego-oraz-grup-dyspozycyjnych-w-zapewnianiu-bezpieczenstwa-spolecznosci-lokalnych","status":"publish","type":"post","link":"https:\/\/pts.org.pl\/en\/konferencja-wspolpraca-samorzadu-terytorialnego-oraz-grup-dyspozycyjnych-w-zapewnianiu-bezpieczenstwa-spolecznosci-lokalnych\/","title":{"rendered":"(Polski) Konferencja: Wsp\u00f3\u0142praca samorz\u0105du terytorialnego oraz grup dyspozycyjnych w zapewnianiu bezpiecze\u0144stwa spo\u0142eczno\u015bci lokalnych"},"content":{"rendered":"<p class=\"qtranxs-available-languages-message qtranxs-available-languages-message-en\">Sorry, this entry is only available in <a href=\"https:\/\/pts.org.pl\/pl\/wp-json\/wp\/v2\/posts\/2332\" class=\"qtranxs-available-language-link qtranxs-available-language-link-pl\" title=\"Polski\">Polish<\/a>.<\/p>","protected":false},"excerpt":{"rendered":"<p>Sorry, this entry is only available in Polish.<\/p>\n","protected":false},"author":11,"featured_media":0,"comment_status":"open","ping_status":"open","sticky":false,"template":"","format":"standard","meta":[],"categories":[],"tags":[],"_links":{"self":[{"href":"https:\/\/pts.org.pl\/en\/wp-json\/wp\/v2\/posts\/2332"}],"collection":[{"href":"https:\/\/pts.org.pl\/en\/wp-json\/wp\/v2\/posts"}],"about":[{"href":"https:\/\/pts.org.pl\/en\/wp-json\/wp\/v2\/types\/post"}],"author":[{"embeddable":true,"href":"https:\/\/pts.org.pl\/en\/wp-json\/wp\/v2\/users\/11"}],"replies":[{"embeddable":true,"href":"https:\/\/pts.org.pl\/en\/wp-json\/wp\/v2\/comments?post=2332"}],"version-history":[{"count":1,"href":"https:\/\/pts.org.pl\/en\/wp-json\/wp\/v2\/posts\/2332\/revisions"}],"predecessor-version":[{"id":2335,"href":"https:\/\/pts.org.pl\/en\/wp-json\/wp\/v2\/posts\/2332\/revisions\/2335"}],"wp:attachment":[{"href":"https:\/\/pts.org.pl\/en\/wp-json\/wp\/v2\/media?parent=2332"}],"wp:term":[{"taxonomy":"category","embeddable":true,"href":"https:\/\/pts.org.pl\/en\/wp-json\/wp\/v2\/categories?post=2332"},{"taxonomy":"post_tag","embeddable":true,"href":"https:\/\/pts.org.pl\/en\/wp-json\/wp\/v2\/tags?post=2332"}],"curies":[{"name":"wp","href":"https:\/\/api.w.org\/{rel}","templated":true}]}}