{"id":1616,"date":"2016-11-15T22:25:28","date_gmt":"2016-11-15T22:25:28","guid":{"rendered":"http:\/\/pts.org.pl\/?p=1616"},"modified":"2016-11-15T22:25:28","modified_gmt":"2016-11-15T22:25:28","slug":"konferencja-przyszlosc-demokracji-encyklika-centesimus-annus-po-25-latach","status":"publish","type":"post","link":"https:\/\/pts.org.pl\/en\/konferencja-przyszlosc-demokracji-encyklika-centesimus-annus-po-25-latach\/","title":{"rendered":"(Polski) Konferencja: Przysz\u0142o\u015b\u0107 demokracji. Encyklika Centesimus annus po 25 latach"},"content":{"rendered":"<p class=\"qtranxs-available-languages-message qtranxs-available-languages-message-en\">Sorry, this entry is only available in <a href=\"https:\/\/pts.org.pl\/pl\/wp-json\/wp\/v2\/posts\/1616\" class=\"qtranxs-available-language-link qtranxs-available-language-link-pl\" title=\"Polski\">Polish<\/a>.<\/p>","protected":false},"excerpt":{"rendered":"<p>Sorry, this entry is only available in Polish.<\/p>\n","protected":false},"author":11,"featured_media":0,"comment_status":"open","ping_status":"open","sticky":false,"template":"","format":"standard","meta":[],"categories":[],"tags":[],"_links":{"self":[{"href":"https:\/\/pts.org.pl\/en\/wp-json\/wp\/v2\/posts\/1616"}],"collection":[{"href":"https:\/\/pts.org.pl\/en\/wp-json\/wp\/v2\/posts"}],"about":[{"href":"https:\/\/pts.org.pl\/en\/wp-json\/wp\/v2\/types\/post"}],"author":[{"embeddable":true,"href":"https:\/\/pts.org.pl\/en\/wp-json\/wp\/v2\/users\/11"}],"replies":[{"embeddable":true,"href":"https:\/\/pts.org.pl\/en\/wp-json\/wp\/v2\/comments?post=1616"}],"version-history":[{"count":1,"href":"https:\/\/pts.org.pl\/en\/wp-json\/wp\/v2\/posts\/1616\/revisions"}],"predecessor-version":[{"id":1618,"href":"https:\/\/pts.org.pl\/en\/wp-json\/wp\/v2\/posts\/1616\/revisions\/1618"}],"wp:attachment":[{"href":"https:\/\/pts.org.pl\/en\/wp-json\/wp\/v2\/media?parent=1616"}],"wp:term":[{"taxonomy":"category","embeddable":true,"href":"https:\/\/pts.org.pl\/en\/wp-json\/wp\/v2\/categories?post=1616"},{"taxonomy":"post_tag","embeddable":true,"href":"https:\/\/pts.org.pl\/en\/wp-json\/wp\/v2\/tags?post=1616"}],"curies":[{"name":"wp","href":"https:\/\/api.w.org\/{rel}","templated":true}]}}