{"id":1431,"date":"2016-09-28T20:41:22","date_gmt":"2016-09-28T20:41:22","guid":{"rendered":"http:\/\/pts.org.pl\/?p=1431"},"modified":"2016-10-03T20:31:39","modified_gmt":"2016-10-03T20:31:39","slug":"stanowisko-zarzadu-glownego-polskiego-towarzystwa-socjologicznego-w-sprawie-poparcia-dla-protestu-centrum-lewady","status":"publish","type":"post","link":"https:\/\/pts.org.pl\/en\/stanowisko-zarzadu-glownego-polskiego-towarzystwa-socjologicznego-w-sprawie-poparcia-dla-protestu-centrum-lewady\/","title":{"rendered":"(Polski) Stanowisko Zarz\u0105du G\u0142\u00f3wnego Polskiego Towarzystwa Socjologicznego w sprawie poparcia  dla protestu Centrum Lewady"},"content":{"rendered":"<p class=\"qtranxs-available-languages-message qtranxs-available-languages-message-en\">Sorry, this entry is only available in <a href=\"https:\/\/pts.org.pl\/pl\/wp-json\/wp\/v2\/posts\/1431\" class=\"qtranxs-available-language-link qtranxs-available-language-link-pl\" title=\"Polski\">Polish<\/a>.<\/p>","protected":false},"excerpt":{"rendered":"<p>Sorry, this entry is only available in Polish.<\/p>\n","protected":false},"author":11,"featured_media":0,"comment_status":"open","ping_status":"open","sticky":false,"template":"","format":"standard","meta":[],"categories":[],"tags":[],"_links":{"self":[{"href":"https:\/\/pts.org.pl\/en\/wp-json\/wp\/v2\/posts\/1431"}],"collection":[{"href":"https:\/\/pts.org.pl\/en\/wp-json\/wp\/v2\/posts"}],"about":[{"href":"https:\/\/pts.org.pl\/en\/wp-json\/wp\/v2\/types\/post"}],"author":[{"embeddable":true,"href":"https:\/\/pts.org.pl\/en\/wp-json\/wp\/v2\/users\/11"}],"replies":[{"embeddable":true,"href":"https:\/\/pts.org.pl\/en\/wp-json\/wp\/v2\/comments?post=1431"}],"version-history":[{"count":3,"href":"https:\/\/pts.org.pl\/en\/wp-json\/wp\/v2\/posts\/1431\/revisions"}],"predecessor-version":[{"id":1454,"href":"https:\/\/pts.org.pl\/en\/wp-json\/wp\/v2\/posts\/1431\/revisions\/1454"}],"wp:attachment":[{"href":"https:\/\/pts.org.pl\/en\/wp-json\/wp\/v2\/media?parent=1431"}],"wp:term":[{"taxonomy":"category","embeddable":true,"href":"https:\/\/pts.org.pl\/en\/wp-json\/wp\/v2\/categories?post=1431"},{"taxonomy":"post_tag","embeddable":true,"href":"https:\/\/pts.org.pl\/en\/wp-json\/wp\/v2\/tags?post=1431"}],"curies":[{"name":"wp","href":"https:\/\/api.w.org\/{rel}","templated":true}]}}