{"id":1216,"date":"2016-06-19T21:06:06","date_gmt":"2016-06-19T21:06:06","guid":{"rendered":"http:\/\/pts.org.pl\/?p=1216"},"modified":"2016-06-19T21:06:06","modified_gmt":"2016-06-19T21:06:06","slug":"seminarium-z-cyklu-lokalne-regionalne-krajowe-i-ponadnarodowe-cztery-spojrzenia-na-zmiane-spoleczna-i-lad-spoleczny-2","status":"publish","type":"post","link":"https:\/\/pts.org.pl\/en\/seminarium-z-cyklu-lokalne-regionalne-krajowe-i-ponadnarodowe-cztery-spojrzenia-na-zmiane-spoleczna-i-lad-spoleczny-2\/","title":{"rendered":"(Polski) Seminarium z cyklu  &#8220;Lokalne, regionalne, krajowe i ponadnarodowe:   cztery spojrzenia na zmian\u0119 spo\u0142eczn\u0105  i \u0142ad spo\u0142eczny&#8221;"},"content":{"rendered":"<p class=\"qtranxs-available-languages-message qtranxs-available-languages-message-en\">Sorry, this entry is only available in <a href=\"https:\/\/pts.org.pl\/pl\/wp-json\/wp\/v2\/posts\/1216\" class=\"qtranxs-available-language-link qtranxs-available-language-link-pl\" title=\"Polski\">Polish<\/a>.<\/p>","protected":false},"excerpt":{"rendered":"<p>Sorry, this entry is only available in Polish.<\/p>\n","protected":false},"author":11,"featured_media":0,"comment_status":"open","ping_status":"open","sticky":false,"template":"","format":"standard","meta":[],"categories":[],"tags":[],"_links":{"self":[{"href":"https:\/\/pts.org.pl\/en\/wp-json\/wp\/v2\/posts\/1216"}],"collection":[{"href":"https:\/\/pts.org.pl\/en\/wp-json\/wp\/v2\/posts"}],"about":[{"href":"https:\/\/pts.org.pl\/en\/wp-json\/wp\/v2\/types\/post"}],"author":[{"embeddable":true,"href":"https:\/\/pts.org.pl\/en\/wp-json\/wp\/v2\/users\/11"}],"replies":[{"embeddable":true,"href":"https:\/\/pts.org.pl\/en\/wp-json\/wp\/v2\/comments?post=1216"}],"version-history":[{"count":1,"href":"https:\/\/pts.org.pl\/en\/wp-json\/wp\/v2\/posts\/1216\/revisions"}],"predecessor-version":[{"id":1217,"href":"https:\/\/pts.org.pl\/en\/wp-json\/wp\/v2\/posts\/1216\/revisions\/1217"}],"wp:attachment":[{"href":"https:\/\/pts.org.pl\/en\/wp-json\/wp\/v2\/media?parent=1216"}],"wp:term":[{"taxonomy":"category","embeddable":true,"href":"https:\/\/pts.org.pl\/en\/wp-json\/wp\/v2\/categories?post=1216"},{"taxonomy":"post_tag","embeddable":true,"href":"https:\/\/pts.org.pl\/en\/wp-json\/wp\/v2\/tags?post=1216"}],"curies":[{"name":"wp","href":"https:\/\/api.w.org\/{rel}","templated":true}]}}